{"id":75702,"date":"2026-09-05T11:25:54","date_gmt":"2026-09-05T14:25:54","guid":{"rendered":"https:\/\/marituba.pa.gov.br\/site\/?p=75702"},"modified":"2026-09-05T11:52:48","modified_gmt":"2026-09-05T14:52:48","slug":"marituba-recebe-novos-coletes-balisticos-e-radios-para-reforcar-seguranca-dos-agentes-de-transito","status":"publish","type":"post","link":"https:\/\/marituba.pa.gov.br\/site\/marituba-recebe-novos-coletes-balisticos-e-radios-para-reforcar-seguranca-dos-agentes-de-transito\/","title":{"rendered":"Marituba recebe novos coletes bal\u00edsticos e r\u00e1dios para refor\u00e7ar seguran\u00e7a dos agentes de tr\u00e2nsito"},"content":{"rendered":"<p data-start=\"260\" data-end=\"749\">A Prefeitura de Marituba recebeu, na tarde da \u00faltima sexta-feira (04), 30 novos coletes bal\u00edsticos e 10 r\u00e1dios de comunica\u00e7\u00e3o destinados aos agentes de tr\u00e2nsito do munic\u00edpio. A entrega foi realizada pelo Governo do Estado do Par\u00e1, por meio da Secretaria de Estado de Seguran\u00e7a P\u00fablica e Defesa Social (Segup), e contou com a presen\u00e7a da prefeita Patr\u00edcia Alencar, da vice-prefeita B\u00e1rbara Marques, do secret\u00e1rio da Segup Ed-lin Anselmo e de representantes das for\u00e7as de seguran\u00e7a.<\/p>\n<figure id=\"attachment_75706\" aria-describedby=\"caption-attachment-75706\" style=\"width: 708px\" class=\"wp-caption alignnone\"><a href=\"https:\/\/marituba.pa.gov.br\/site\/wp-content\/uploads\/2026\/09\/WhatsApp-Image-2026-09-04-at-18.09.51.jpeg\"><img fetchpriority=\"high\" decoding=\"async\" class=\"wp-image-75706 size-large\" src=\"https:\/\/marituba.pa.gov.br\/site\/wp-content\/uploads\/2026\/09\/WhatsApp-Image-2026-09-04-at-18.09.51-1024x682.jpeg\" alt=\"\" width=\"708\" height=\"472\" srcset=\"https:\/\/marituba.pa.gov.br\/site\/wp-content\/uploads\/2026\/09\/WhatsApp-Image-2026-09-04-at-18.09.51-1024x682.jpeg 1024w, https:\/\/marituba.pa.gov.br\/site\/wp-content\/uploads\/2026\/09\/WhatsApp-Image-2026-09-04-at-18.09.51-300x200.jpeg 300w, https:\/\/marituba.pa.gov.br\/site\/wp-content\/uploads\/2026\/09\/WhatsApp-Image-2026-09-04-at-18.09.51-768x512.jpeg 768w, https:\/\/marituba.pa.gov.br\/site\/wp-content\/uploads\/2026\/09\/WhatsApp-Image-2026-09-04-at-18.09.51-1536x1023.jpeg 1536w, https:\/\/marituba.pa.gov.br\/site\/wp-content\/uploads\/2026\/09\/WhatsApp-Image-2026-09-04-at-18.09.51-150x100.jpeg 150w, https:\/\/marituba.pa.gov.br\/site\/wp-content\/uploads\/2026\/09\/WhatsApp-Image-2026-09-04-at-18.09.51-450x300.jpeg 450w, https:\/\/marituba.pa.gov.br\/site\/wp-content\/uploads\/2026\/09\/WhatsApp-Image-2026-09-04-at-18.09.51-1200x800.jpeg 1200w, https:\/\/marituba.pa.gov.br\/site\/wp-content\/uploads\/2026\/09\/WhatsApp-Image-2026-09-04-at-18.09.51.jpeg 1600w\" sizes=\"(max-width: 708px) 100vw, 708px\" \/><\/a><figcaption id=\"caption-attachment-75706\" class=\"wp-caption-text\">Marituba recebeu 30 novos coletes bal\u00edsticos e 10 r\u00e1dios de comunica\u00e7\u00e3o destinados aos agentes de tr\u00e2nsito<\/figcaption><\/figure>\n<p data-start=\"751\" data-end=\"1012\">Os equipamentos foram entregues aos agentes durante a cerim\u00f4nia, com o objetivo de dar continuidade as a\u00e7\u00f5es de fortalecimento e suporte ao trabalho de monitoramento seguran\u00e7a nas ruas de todo Par\u00e1. A iniciativa tamb\u00e9m amplia as condi\u00e7\u00f5es de prote\u00e7\u00e3o dos servidores que atuam diariamente nas ruas de Marituba.<\/p>\n<figure id=\"attachment_75704\" aria-describedby=\"caption-attachment-75704\" style=\"width: 300px\" class=\"wp-caption alignleft\"><a href=\"https:\/\/marituba.pa.gov.br\/site\/wp-content\/uploads\/2026\/09\/WhatsApp-Image-2026-09-04-at-18.10.22.jpeg\"><img decoding=\"async\" class=\"wp-image-75704 size-medium\" src=\"https:\/\/marituba.pa.gov.br\/site\/wp-content\/uploads\/2026\/09\/WhatsApp-Image-2026-09-04-at-18.10.22-300x200.jpeg\" alt=\"\" width=\"300\" height=\"200\" srcset=\"https:\/\/marituba.pa.gov.br\/site\/wp-content\/uploads\/2026\/09\/WhatsApp-Image-2026-09-04-at-18.10.22-300x200.jpeg 300w, https:\/\/marituba.pa.gov.br\/site\/wp-content\/uploads\/2026\/09\/WhatsApp-Image-2026-09-04-at-18.10.22-1024x682.jpeg 1024w, https:\/\/marituba.pa.gov.br\/site\/wp-content\/uploads\/2026\/09\/WhatsApp-Image-2026-09-04-at-18.10.22-768x512.jpeg 768w, https:\/\/marituba.pa.gov.br\/site\/wp-content\/uploads\/2026\/09\/WhatsApp-Image-2026-09-04-at-18.10.22-1536x1023.jpeg 1536w, https:\/\/marituba.pa.gov.br\/site\/wp-content\/uploads\/2026\/09\/WhatsApp-Image-2026-09-04-at-18.10.22-150x100.jpeg 150w, https:\/\/marituba.pa.gov.br\/site\/wp-content\/uploads\/2026\/09\/WhatsApp-Image-2026-09-04-at-18.10.22-450x300.jpeg 450w, https:\/\/marituba.pa.gov.br\/site\/wp-content\/uploads\/2026\/09\/WhatsApp-Image-2026-09-04-at-18.10.22-1200x800.jpeg 1200w, https:\/\/marituba.pa.gov.br\/site\/wp-content\/uploads\/2026\/09\/WhatsApp-Image-2026-09-04-at-18.10.22.jpeg 1600w\" sizes=\"(max-width: 300px) 100vw, 300px\" \/><\/a><figcaption id=\"caption-attachment-75704\" class=\"wp-caption-text\">Coronel Ed-lin Anselmo &#8211; secret\u00e1rio de Estado de Seguran\u00e7a P\u00fablica e Defesa Social<\/figcaption><\/figure>\n<p data-start=\"1014\" data-end=\"1242\">Durante a solenidade, o secret\u00e1rio de Estado de Seguran\u00e7a P\u00fablica e Defesa Social, coronel Ed-lin Anselmo,\u00a0 ressaltou que a atua\u00e7\u00e3o conjunta entre os \u00f3rg\u00e3os estaduais e municipais \u00e9 fundamental para ampliar a seguran\u00e7a nos munic\u00edpios. Segundo ele, os equipamentos representam parte de uma pol\u00edtica de apoio aos munic\u00edpios e de fortalecimento da atua\u00e7\u00e3o integrada. \u201cEssa entrega simboliza a necessidade de integra\u00e7\u00e3o e de estabelecer esse repasse aos munic\u00edpios para que possam desempenhar seu papel, fiscalizar o tr\u00e2nsito e levar mais seguran\u00e7a \u00e0 popula\u00e7\u00e3o\u201d, afirmou.<\/p>\n<p data-start=\"1728\" data-end=\"2040\">A prefeita Patr\u00edcia Alencar destacou que a entrega chega em um momento importante para a Setran, especialmente com a amplia\u00e7\u00e3o do efetivo de agentes de tr\u00e2nsito. Recentemente, o munic\u00edpio convocou 13 novos agentes aprovados em concurso p\u00fablico, que se somaram aos 20 profissionais que j\u00e1 integravam a equipe. \u201cEsse momento \u00e9 important\u00edssimo para a nossa cidade. Com a chegada desses coletes e r\u00e1dios, toda a nossa equipe estar\u00e1 mais protegida e ter\u00e1 mais seguran\u00e7a para exercer sua fun\u00e7\u00e3o. Isso \u00e9 primordial para quem sai todos os dias de casa para trabalhar em benef\u00edcio da popula\u00e7\u00e3o\u201d, afirmou a prefeita.<\/p>\n<figure id=\"attachment_75705\" aria-describedby=\"caption-attachment-75705\" style=\"width: 300px\" class=\"wp-caption alignleft\"><a href=\"https:\/\/marituba.pa.gov.br\/site\/wp-content\/uploads\/2026\/09\/WhatsApp-Image-2026-09-04-at-18.10.23.jpeg\"><img decoding=\"async\" class=\"wp-image-75705 size-medium\" src=\"https:\/\/marituba.pa.gov.br\/site\/wp-content\/uploads\/2026\/09\/WhatsApp-Image-2026-09-04-at-18.10.23-300x200.jpeg\" alt=\"\" width=\"300\" height=\"200\" srcset=\"https:\/\/marituba.pa.gov.br\/site\/wp-content\/uploads\/2026\/09\/WhatsApp-Image-2026-09-04-at-18.10.23-300x200.jpeg 300w, https:\/\/marituba.pa.gov.br\/site\/wp-content\/uploads\/2026\/09\/WhatsApp-Image-2026-09-04-at-18.10.23-1024x682.jpeg 1024w, https:\/\/marituba.pa.gov.br\/site\/wp-content\/uploads\/2026\/09\/WhatsApp-Image-2026-09-04-at-18.10.23-768x512.jpeg 768w, https:\/\/marituba.pa.gov.br\/site\/wp-content\/uploads\/2026\/09\/WhatsApp-Image-2026-09-04-at-18.10.23-1536x1023.jpeg 1536w, https:\/\/marituba.pa.gov.br\/site\/wp-content\/uploads\/2026\/09\/WhatsApp-Image-2026-09-04-at-18.10.23-150x100.jpeg 150w, https:\/\/marituba.pa.gov.br\/site\/wp-content\/uploads\/2026\/09\/WhatsApp-Image-2026-09-04-at-18.10.23-450x300.jpeg 450w, https:\/\/marituba.pa.gov.br\/site\/wp-content\/uploads\/2026\/09\/WhatsApp-Image-2026-09-04-at-18.10.23-1200x800.jpeg 1200w, https:\/\/marituba.pa.gov.br\/site\/wp-content\/uploads\/2026\/09\/WhatsApp-Image-2026-09-04-at-18.10.23.jpeg 1600w\" sizes=\"(max-width: 300px) 100vw, 300px\" \/><\/a><figcaption id=\"caption-attachment-75705\" class=\"wp-caption-text\">Patr\u00edcia Alencar &#8211; Prefeita de Marituba<\/figcaption><\/figure>\n<p data-start=\"2341\" data-end=\"2481\">Patr\u00edcia Alencar tamb\u00e9m destacou a parceria com o Governo do Estado para o fortalecimento da estrutura de seguran\u00e7a e tr\u00e2nsito do munic\u00edpio. \u201cEssa parceria alinha e fortalece o trabalho conjunto entre o Governo do Estado e o munic\u00edpio. Esses equipamentos v\u00e3o dar mais seguran\u00e7a aos nossos servidores, mais ferramentas de trabalho e mais qualidade no dia a dia de cada agente. E, ao proteger os nossos profissionais, tamb\u00e9m estamos protegendo a nossa sociedade\u201d, ressaltou.<\/p>\n<p class=\"PDq2pG_selectionAnchorContainer\" data-start=\"3091\" data-end=\"3280\">Para o secret\u00e1rio municipal de Tr\u00e2nsito e Transporte, Jefferson Fran\u00e7a, a entrega refor\u00e7a a import\u00e2ncia da integra\u00e7\u00e3o entre Estado e munic\u00edpio para o fortalecimento da seguran\u00e7a vi\u00e1ria. \u201cAcreditamos que uma seguran\u00e7a p\u00fablica vi\u00e1ria eficiente se constr\u00f3i com uni\u00e3o. O Estado, por meio de suas pol\u00edticas de seguran\u00e7a, fortalece os munic\u00edpios e, cada vez mais estruturado, o munic\u00edpio consegue ampliar a seguran\u00e7a nas vias e a prote\u00e7\u00e3o da popula\u00e7\u00e3o\u201d, destacou.<\/p>\n<p data-start=\"2816\" data-end=\"3063\">Al\u00e9m dos coletes, os 10 r\u00e1dios de comunica\u00e7\u00e3o v\u00e3o contribuir para uma comunica\u00e7\u00e3o mais r\u00e1pida e integrada entre as equipes da Setran, fortalecendo a atua\u00e7\u00e3o durante as a\u00e7\u00f5es de fiscaliza\u00e7\u00e3o e demais atividades realizadas nas vias do munic\u00edpio.<\/p>\n<p data-start=\"3065\" data-end=\"3364\" data-is-last-node=\"\" data-is-only-node=\"\">Secretaria de Comunica\u00e7\u00e3o de Marituba<\/p>\n<p data-start=\"3065\" data-end=\"3364\" data-is-last-node=\"\" data-is-only-node=\"\">Fotos: Ary Brito<\/p>\n","protected":false},"excerpt":{"rendered":"<p>A Prefeitura de Marituba recebeu, na tarde da \u00faltima sexta-feira (04), 30 novos coletes bal\u00edsticos e 10 r\u00e1dios de comunica\u00e7\u00e3o destinados aos agentes de tr\u00e2nsito do munic\u00edpio. A entrega foi realizada pelo Governo do Estado do Par\u00e1, por meio da Secretaria de Estado de Seguran\u00e7a P\u00fablica e Defesa Social (Segup), e contou com a presen\u00e7a<\/p>\n","protected":false},"author":25,"featured_media":75703,"comment_status":"closed","ping_status":"closed","sticky":false,"template":"","format":"standard","meta":{"footnotes":""},"categories":[1],"tags":[],"class_list":["post-75702","post","type-post","status-publish","format-standard","has-post-thumbnail","category-noticias"],"yoast_head":"<!-- This site is optimized with the Yoast SEO plugin v28.1 - https:\/\/yoast.com\/product\/yoast-seo-wordpress\/ -->\n<title>Marituba recebe novos coletes bal\u00edsticos e r\u00e1dios para refor\u00e7ar seguran\u00e7a dos agentes de tr\u00e2nsito - Prefeitura Municipal de Marituba - PA | Gest\u00e3o 2025-2028<\/title>\n<meta name=\"robots\" content=\"index, follow, max-snippet:-1, max-image-preview:large, max-video-preview:-1\" \/>\n<link rel=\"canonical\" href=\"https:\/\/marituba.pa.gov.br\/site\/marituba-recebe-novos-coletes-balisticos-e-radios-para-reforcar-seguranca-dos-agentes-de-transito\/\" \/>\n<meta property=\"og:locale\" content=\"pt_BR\" \/>\n<meta property=\"og:type\" content=\"article\" \/>\n<meta property=\"og:title\" content=\"Marituba recebe novos coletes bal\u00edsticos e r\u00e1dios para refor\u00e7ar seguran\u00e7a dos agentes de tr\u00e2nsito - Prefeitura Municipal de Marituba - PA | Gest\u00e3o 2025-2028\" \/>\n<meta property=\"og:description\" content=\"A Prefeitura de Marituba recebeu, na tarde da \u00faltima sexta-feira (04), 30 novos coletes bal\u00edsticos e 10 r\u00e1dios de comunica\u00e7\u00e3o destinados aos agentes de tr\u00e2nsito do munic\u00edpio. A entrega foi realizada pelo Governo do Estado do Par\u00e1, por meio da Secretaria de Estado de Seguran\u00e7a P\u00fablica e Defesa Social (Segup), e contou com a presen\u00e7a\" \/>\n<meta property=\"og:url\" content=\"https:\/\/marituba.pa.gov.br\/site\/marituba-recebe-novos-coletes-balisticos-e-radios-para-reforcar-seguranca-dos-agentes-de-transito\/\" \/>\n<meta property=\"og:site_name\" content=\"Prefeitura Municipal de Marituba - PA | Gest\u00e3o 2025-2028\" \/>\n<meta property=\"article:published_time\" content=\"2026-09-05T14:25:54+00:00\" \/>\n<meta property=\"article:modified_time\" content=\"2026-09-05T14:52:48+00:00\" \/>\n<meta property=\"og:image\" content=\"https:\/\/marituba.pa.gov.br\/site\/wp-content\/uploads\/2026\/09\/WhatsApp-Image-2026-09-04-at-18.10.19.jpeg\" \/>\n\t<meta property=\"og:image:width\" content=\"1600\" \/>\n\t<meta property=\"og:image:height\" content=\"1066\" \/>\n\t<meta property=\"og:image:type\" content=\"image\/jpeg\" \/>\n<meta name=\"author\" content=\"maritubaimprensa\" \/>\n<meta name=\"twitter:label1\" content=\"Escrito por\" \/>\n\t<meta name=\"twitter:data1\" content=\"maritubaimprensa\" \/>\n\t<meta name=\"twitter:label2\" content=\"Est. tempo de leitura\" \/>\n\t<meta name=\"twitter:data2\" content=\"4 minutos\" \/>\n<script type=\"application\/ld+json\" class=\"yoast-schema-graph\">{\"@context\":\"https:\\\/\\\/schema.org\",\"@graph\":[{\"@type\":\"Article\",\"@id\":\"https:\\\/\\\/marituba.pa.gov.br\\\/site\\\/marituba-recebe-novos-coletes-balisticos-e-radios-para-reforcar-seguranca-dos-agentes-de-transito\\\/#article\",\"isPartOf\":{\"@id\":\"https:\\\/\\\/marituba.pa.gov.br\\\/site\\\/marituba-recebe-novos-coletes-balisticos-e-radios-para-reforcar-seguranca-dos-agentes-de-transito\\\/\"},\"author\":{\"name\":\"maritubaimprensa\",\"@id\":\"https:\\\/\\\/marituba.pa.gov.br\\\/site\\\/#\\\/schema\\\/person\\\/01641c6b91674b43ef06391daf008b4a\"},\"headline\":\"Marituba recebe novos coletes bal\u00edsticos e r\u00e1dios para refor\u00e7ar seguran\u00e7a dos agentes de tr\u00e2nsito\",\"datePublished\":\"2026-09-05T14:25:54+00:00\",\"dateModified\":\"2026-09-05T14:52:48+00:00\",\"mainEntityOfPage\":{\"@id\":\"https:\\\/\\\/marituba.pa.gov.br\\\/site\\\/marituba-recebe-novos-coletes-balisticos-e-radios-para-reforcar-seguranca-dos-agentes-de-transito\\\/\"},\"wordCount\":652,\"image\":{\"@id\":\"https:\\\/\\\/marituba.pa.gov.br\\\/site\\\/marituba-recebe-novos-coletes-balisticos-e-radios-para-reforcar-seguranca-dos-agentes-de-transito\\\/#primaryimage\"},\"thumbnailUrl\":\"https:\\\/\\\/marituba.pa.gov.br\\\/site\\\/wp-content\\\/uploads\\\/2026\\\/09\\\/WhatsApp-Image-2026-09-04-at-18.10.19.jpeg\",\"articleSection\":[\"Not\u00edcias\"],\"inLanguage\":\"pt-BR\"},{\"@type\":\"WebPage\",\"@id\":\"https:\\\/\\\/marituba.pa.gov.br\\\/site\\\/marituba-recebe-novos-coletes-balisticos-e-radios-para-reforcar-seguranca-dos-agentes-de-transito\\\/\",\"url\":\"https:\\\/\\\/marituba.pa.gov.br\\\/site\\\/marituba-recebe-novos-coletes-balisticos-e-radios-para-reforcar-seguranca-dos-agentes-de-transito\\\/\",\"name\":\"Marituba recebe novos coletes bal\u00edsticos e r\u00e1dios para refor\u00e7ar seguran\u00e7a dos agentes de tr\u00e2nsito - Prefeitura Municipal de Marituba - PA | Gest\u00e3o 2025-2028\",\"isPartOf\":{\"@id\":\"https:\\\/\\\/marituba.pa.gov.br\\\/site\\\/#website\"},\"primaryImageOfPage\":{\"@id\":\"https:\\\/\\\/marituba.pa.gov.br\\\/site\\\/marituba-recebe-novos-coletes-balisticos-e-radios-para-reforcar-seguranca-dos-agentes-de-transito\\\/#primaryimage\"},\"image\":{\"@id\":\"https:\\\/\\\/marituba.pa.gov.br\\\/site\\\/marituba-recebe-novos-coletes-balisticos-e-radios-para-reforcar-seguranca-dos-agentes-de-transito\\\/#primaryimage\"},\"thumbnailUrl\":\"https:\\\/\\\/marituba.pa.gov.br\\\/site\\\/wp-content\\\/uploads\\\/2026\\\/09\\\/WhatsApp-Image-2026-09-04-at-18.10.19.jpeg\",\"datePublished\":\"2026-09-05T14:25:54+00:00\",\"dateModified\":\"2026-09-05T14:52:48+00:00\",\"author\":{\"@id\":\"https:\\\/\\\/marituba.pa.gov.br\\\/site\\\/#\\\/schema\\\/person\\\/01641c6b91674b43ef06391daf008b4a\"},\"inLanguage\":\"pt-BR\",\"potentialAction\":[{\"@type\":\"ReadAction\",\"target\":[\"https:\\\/\\\/marituba.pa.gov.br\\\/site\\\/marituba-recebe-novos-coletes-balisticos-e-radios-para-reforcar-seguranca-dos-agentes-de-transito\\\/\"]}]},{\"@type\":\"ImageObject\",\"inLanguage\":\"pt-BR\",\"@id\":\"https:\\\/\\\/marituba.pa.gov.br\\\/site\\\/marituba-recebe-novos-coletes-balisticos-e-radios-para-reforcar-seguranca-dos-agentes-de-transito\\\/#primaryimage\",\"url\":\"https:\\\/\\\/marituba.pa.gov.br\\\/site\\\/wp-content\\\/uploads\\\/2026\\\/09\\\/WhatsApp-Image-2026-09-04-at-18.10.19.jpeg\",\"contentUrl\":\"https:\\\/\\\/marituba.pa.gov.br\\\/site\\\/wp-content\\\/uploads\\\/2026\\\/09\\\/WhatsApp-Image-2026-09-04-at-18.10.19.jpeg\",\"width\":1600,\"height\":1066},{\"@type\":\"WebSite\",\"@id\":\"https:\\\/\\\/marituba.pa.gov.br\\\/site\\\/#website\",\"url\":\"https:\\\/\\\/marituba.pa.gov.br\\\/site\\\/\",\"name\":\"Prefeitura Municipal de Marituba - PA | Gest\u00e3o 2025-2028\",\"description\":\"Site oficial da Prefeitura Municipal de Marituba - PA\",\"potentialAction\":[{\"@type\":\"SearchAction\",\"target\":{\"@type\":\"EntryPoint\",\"urlTemplate\":\"https:\\\/\\\/marituba.pa.gov.br\\\/site\\\/?s={search_term_string}\"},\"query-input\":{\"@type\":\"PropertyValueSpecification\",\"valueRequired\":true,\"valueName\":\"search_term_string\"}}],\"inLanguage\":\"pt-BR\"},{\"@type\":\"Person\",\"@id\":\"https:\\\/\\\/marituba.pa.gov.br\\\/site\\\/#\\\/schema\\\/person\\\/01641c6b91674b43ef06391daf008b4a\",\"name\":\"maritubaimprensa\",\"image\":{\"@type\":\"ImageObject\",\"inLanguage\":\"pt-BR\",\"@id\":\"https:\\\/\\\/secure.gravatar.com\\\/avatar\\\/757413b4d5eb4de3d532c20c347bada8f146eea4fc591b2e238b914a23a2b51b?s=96&d=mm&r=g\",\"url\":\"https:\\\/\\\/secure.gravatar.com\\\/avatar\\\/757413b4d5eb4de3d532c20c347bada8f146eea4fc591b2e238b914a23a2b51b?s=96&d=mm&r=g\",\"contentUrl\":\"https:\\\/\\\/secure.gravatar.com\\\/avatar\\\/757413b4d5eb4de3d532c20c347bada8f146eea4fc591b2e238b914a23a2b51b?s=96&d=mm&r=g\",\"caption\":\"maritubaimprensa\"},\"url\":\"https:\\\/\\\/marituba.pa.gov.br\\\/site\\\/author\\\/maritubaimprensa\\\/\"}]}<\/script>\n<!-- \/ Yoast SEO plugin. -->","yoast_head_json":{"title":"Marituba recebe novos coletes bal\u00edsticos e r\u00e1dios para refor\u00e7ar seguran\u00e7a dos agentes de tr\u00e2nsito - Prefeitura Municipal de Marituba - PA | Gest\u00e3o 2025-2028","robots":{"index":"index","follow":"follow","max-snippet":"max-snippet:-1","max-image-preview":"max-image-preview:large","max-video-preview":"max-video-preview:-1"},"canonical":"https:\/\/marituba.pa.gov.br\/site\/marituba-recebe-novos-coletes-balisticos-e-radios-para-reforcar-seguranca-dos-agentes-de-transito\/","og_locale":"pt_BR","og_type":"article","og_title":"Marituba recebe novos coletes bal\u00edsticos e r\u00e1dios para refor\u00e7ar seguran\u00e7a dos agentes de tr\u00e2nsito - Prefeitura Municipal de Marituba - PA | Gest\u00e3o 2025-2028","og_description":"A Prefeitura de Marituba recebeu, na tarde da \u00faltima sexta-feira (04), 30 novos coletes bal\u00edsticos e 10 r\u00e1dios de comunica\u00e7\u00e3o destinados aos agentes de tr\u00e2nsito do munic\u00edpio. A entrega foi realizada pelo Governo do Estado do Par\u00e1, por meio da Secretaria de Estado de Seguran\u00e7a P\u00fablica e Defesa Social (Segup), e contou com a presen\u00e7a","og_url":"https:\/\/marituba.pa.gov.br\/site\/marituba-recebe-novos-coletes-balisticos-e-radios-para-reforcar-seguranca-dos-agentes-de-transito\/","og_site_name":"Prefeitura Municipal de Marituba - PA | Gest\u00e3o 2025-2028","article_published_time":"2026-09-05T14:25:54+00:00","article_modified_time":"2026-09-05T14:52:48+00:00","og_image":[{"width":1600,"height":1066,"url":"https:\/\/marituba.pa.gov.br\/site\/wp-content\/uploads\/2026\/09\/WhatsApp-Image-2026-09-04-at-18.10.19.jpeg","type":"image\/jpeg"}],"author":"maritubaimprensa","twitter_misc":{"Escrito por":"maritubaimprensa","Est. tempo de leitura":"4 minutos"},"schema":{"@context":"https:\/\/schema.org","@graph":[{"@type":"Article","@id":"https:\/\/marituba.pa.gov.br\/site\/marituba-recebe-novos-coletes-balisticos-e-radios-para-reforcar-seguranca-dos-agentes-de-transito\/#article","isPartOf":{"@id":"https:\/\/marituba.pa.gov.br\/site\/marituba-recebe-novos-coletes-balisticos-e-radios-para-reforcar-seguranca-dos-agentes-de-transito\/"},"author":{"name":"maritubaimprensa","@id":"https:\/\/marituba.pa.gov.br\/site\/#\/schema\/person\/01641c6b91674b43ef06391daf008b4a"},"headline":"Marituba recebe novos coletes bal\u00edsticos e r\u00e1dios para refor\u00e7ar seguran\u00e7a dos agentes de tr\u00e2nsito","datePublished":"2026-09-05T14:25:54+00:00","dateModified":"2026-09-05T14:52:48+00:00","mainEntityOfPage":{"@id":"https:\/\/marituba.pa.gov.br\/site\/marituba-recebe-novos-coletes-balisticos-e-radios-para-reforcar-seguranca-dos-agentes-de-transito\/"},"wordCount":652,"image":{"@id":"https:\/\/marituba.pa.gov.br\/site\/marituba-recebe-novos-coletes-balisticos-e-radios-para-reforcar-seguranca-dos-agentes-de-transito\/#primaryimage"},"thumbnailUrl":"https:\/\/marituba.pa.gov.br\/site\/wp-content\/uploads\/2026\/09\/WhatsApp-Image-2026-09-04-at-18.10.19.jpeg","articleSection":["Not\u00edcias"],"inLanguage":"pt-BR"},{"@type":"WebPage","@id":"https:\/\/marituba.pa.gov.br\/site\/marituba-recebe-novos-coletes-balisticos-e-radios-para-reforcar-seguranca-dos-agentes-de-transito\/","url":"https:\/\/marituba.pa.gov.br\/site\/marituba-recebe-novos-coletes-balisticos-e-radios-para-reforcar-seguranca-dos-agentes-de-transito\/","name":"Marituba recebe novos coletes bal\u00edsticos e r\u00e1dios para refor\u00e7ar seguran\u00e7a dos agentes de tr\u00e2nsito - Prefeitura Municipal de Marituba - PA | Gest\u00e3o 2025-2028","isPartOf":{"@id":"https:\/\/marituba.pa.gov.br\/site\/#website"},"primaryImageOfPage":{"@id":"https:\/\/marituba.pa.gov.br\/site\/marituba-recebe-novos-coletes-balisticos-e-radios-para-reforcar-seguranca-dos-agentes-de-transito\/#primaryimage"},"image":{"@id":"https:\/\/marituba.pa.gov.br\/site\/marituba-recebe-novos-coletes-balisticos-e-radios-para-reforcar-seguranca-dos-agentes-de-transito\/#primaryimage"},"thumbnailUrl":"https:\/\/marituba.pa.gov.br\/site\/wp-content\/uploads\/2026\/09\/WhatsApp-Image-2026-09-04-at-18.10.19.jpeg","datePublished":"2026-09-05T14:25:54+00:00","dateModified":"2026-09-05T14:52:48+00:00","author":{"@id":"https:\/\/marituba.pa.gov.br\/site\/#\/schema\/person\/01641c6b91674b43ef06391daf008b4a"},"inLanguage":"pt-BR","potentialAction":[{"@type":"ReadAction","target":["https:\/\/marituba.pa.gov.br\/site\/marituba-recebe-novos-coletes-balisticos-e-radios-para-reforcar-seguranca-dos-agentes-de-transito\/"]}]},{"@type":"ImageObject","inLanguage":"pt-BR","@id":"https:\/\/marituba.pa.gov.br\/site\/marituba-recebe-novos-coletes-balisticos-e-radios-para-reforcar-seguranca-dos-agentes-de-transito\/#primaryimage","url":"https:\/\/marituba.pa.gov.br\/site\/wp-content\/uploads\/2026\/09\/WhatsApp-Image-2026-09-04-at-18.10.19.jpeg","contentUrl":"https:\/\/marituba.pa.gov.br\/site\/wp-content\/uploads\/2026\/09\/WhatsApp-Image-2026-09-04-at-18.10.19.jpeg","width":1600,"height":1066},{"@type":"WebSite","@id":"https:\/\/marituba.pa.gov.br\/site\/#website","url":"https:\/\/marituba.pa.gov.br\/site\/","name":"Prefeitura Municipal de Marituba - PA | Gest\u00e3o 2025-2028","description":"Site oficial da Prefeitura Municipal de Marituba - PA","potentialAction":[{"@type":"SearchAction","target":{"@type":"EntryPoint","urlTemplate":"https:\/\/marituba.pa.gov.br\/site\/?s={search_term_string}"},"query-input":{"@type":"PropertyValueSpecification","valueRequired":true,"valueName":"search_term_string"}}],"inLanguage":"pt-BR"},{"@type":"Person","@id":"https:\/\/marituba.pa.gov.br\/site\/#\/schema\/person\/01641c6b91674b43ef06391daf008b4a","name":"maritubaimprensa","image":{"@type":"ImageObject","inLanguage":"pt-BR","@id":"https:\/\/secure.gravatar.com\/avatar\/757413b4d5eb4de3d532c20c347bada8f146eea4fc591b2e238b914a23a2b51b?s=96&d=mm&r=g","url":"https:\/\/secure.gravatar.com\/avatar\/757413b4d5eb4de3d532c20c347bada8f146eea4fc591b2e238b914a23a2b51b?s=96&d=mm&r=g","contentUrl":"https:\/\/secure.gravatar.com\/avatar\/757413b4d5eb4de3d532c20c347bada8f146eea4fc591b2e238b914a23a2b51b?s=96&d=mm&r=g","caption":"maritubaimprensa"},"url":"https:\/\/marituba.pa.gov.br\/site\/author\/maritubaimprensa\/"}]}},"_links":{"self":[{"href":"https:\/\/marituba.pa.gov.br\/site\/wp-json\/wp\/v2\/posts\/75702","targetHints":{"allow":["GET"]}}],"collection":[{"href":"https:\/\/marituba.pa.gov.br\/site\/wp-json\/wp\/v2\/posts"}],"about":[{"href":"https:\/\/marituba.pa.gov.br\/site\/wp-json\/wp\/v2\/types\/post"}],"author":[{"embeddable":true,"href":"https:\/\/marituba.pa.gov.br\/site\/wp-json\/wp\/v2\/users\/25"}],"replies":[{"embeddable":true,"href":"https:\/\/marituba.pa.gov.br\/site\/wp-json\/wp\/v2\/comments?post=75702"}],"version-history":[{"count":3,"href":"https:\/\/marituba.pa.gov.br\/site\/wp-json\/wp\/v2\/posts\/75702\/revisions"}],"predecessor-version":[{"id":75710,"href":"https:\/\/marituba.pa.gov.br\/site\/wp-json\/wp\/v2\/posts\/75702\/revisions\/75710"}],"wp:featuredmedia":[{"embeddable":true,"href":"https:\/\/marituba.pa.gov.br\/site\/wp-json\/wp\/v2\/media\/75703"}],"wp:attachment":[{"href":"https:\/\/marituba.pa.gov.br\/site\/wp-json\/wp\/v2\/media?parent=75702"}],"wp:term":[{"taxonomy":"category","embeddable":true,"href":"https:\/\/marituba.pa.gov.br\/site\/wp-json\/wp\/v2\/categories?post=75702"},{"taxonomy":"post_tag","embeddable":true,"href":"https:\/\/marituba.pa.gov.br\/site\/wp-json\/wp\/v2\/tags?post=75702"}],"curies":[{"name":"wp","href":"https:\/\/api.w.org\/{rel}","templated":true}]}}