{"id":75659,"date":"2026-09-03T15:02:51","date_gmt":"2026-09-03T18:02:51","guid":{"rendered":"https:\/\/marituba.pa.gov.br\/site\/?p=75659"},"modified":"2026-09-03T15:02:51","modified_gmt":"2026-09-03T18:02:51","slug":"marituba-realiza-mais-uma-edicao-do-corujao-da-cidadania-com-atendimento-em-horario-estendido","status":"publish","type":"post","link":"https:\/\/marituba.pa.gov.br\/site\/marituba-realiza-mais-uma-edicao-do-corujao-da-cidadania-com-atendimento-em-horario-estendido\/","title":{"rendered":"Marituba realiza mais uma edi\u00e7\u00e3o do Coruj\u00e3o da Cidadania com atendimento em hor\u00e1rio estendido"},"content":{"rendered":"<p class=\"isSelectedEnd\">A Prefeitura de Marituba realizou, nesta \u00faltima quarta-feira (2), mais uma edi\u00e7\u00e3o do Coruj\u00e3o da Cidadania, iniciativa que h\u00e1 um ano amplia o acesso da popula\u00e7\u00e3o aos servi\u00e7os p\u00fablicos em hor\u00e1rio estendido. Criado para atender principalmente quem trabalha durante o dia e encontra dificuldades para buscar atendimento no hor\u00e1rio convencional, o Coruj\u00e3o re\u00fane diferentes \u00e1reas da administra\u00e7\u00e3o municipal em um \u00fanico espa\u00e7o, das 17h \u00e0s 21h.<\/p>\n<p class=\"isSelectedEnd\">A edi\u00e7\u00e3o contou com a participa\u00e7\u00e3o de setores como Sa\u00fade, Cidadania, Assist\u00eancia Social, Meio Ambiente, Mulheres, Juventude, Habita\u00e7\u00e3o, Tributos, Agricultura, Defesa Civil e servi\u00e7os de est\u00e9tica, oferecendo \u00e0 popula\u00e7\u00e3o a possibilidade de resolver diferentes demandas em um mesmo local.<\/p>\n<p class=\"isSelectedEnd\">A proposta \u00e9 facilitar o acesso aos servi\u00e7os p\u00fablicos e otimizar o tempo dos moradores, que podem buscar atendimento ap\u00f3s o expediente de trabalho, sem precisar se deslocar para diferentes pontos da cidade.<\/p>\n<figure id=\"attachment_74796\" aria-describedby=\"caption-attachment-74796\" style=\"width: 300px\" class=\"wp-caption alignleft\"><a href=\"https:\/\/marituba.pa.gov.br\/site\/wp-content\/uploads\/2026\/06\/WhatsApp-Image-2026-06-02-at-21.14.25.jpeg\"><img fetchpriority=\"high\" decoding=\"async\" class=\"wp-image-74796 size-medium\" src=\"https:\/\/marituba.pa.gov.br\/site\/wp-content\/uploads\/2026\/06\/WhatsApp-Image-2026-06-02-at-21.14.25-300x200.jpeg\" alt=\"\" width=\"300\" height=\"200\" srcset=\"https:\/\/marituba.pa.gov.br\/site\/wp-content\/uploads\/2026\/06\/WhatsApp-Image-2026-06-02-at-21.14.25-300x200.jpeg 300w, https:\/\/marituba.pa.gov.br\/site\/wp-content\/uploads\/2026\/06\/WhatsApp-Image-2026-06-02-at-21.14.25-1024x682.jpeg 1024w, https:\/\/marituba.pa.gov.br\/site\/wp-content\/uploads\/2026\/06\/WhatsApp-Image-2026-06-02-at-21.14.25-768x512.jpeg 768w, https:\/\/marituba.pa.gov.br\/site\/wp-content\/uploads\/2026\/06\/WhatsApp-Image-2026-06-02-at-21.14.25-1536x1023.jpeg 1536w, https:\/\/marituba.pa.gov.br\/site\/wp-content\/uploads\/2026\/06\/WhatsApp-Image-2026-06-02-at-21.14.25-150x100.jpeg 150w, https:\/\/marituba.pa.gov.br\/site\/wp-content\/uploads\/2026\/06\/WhatsApp-Image-2026-06-02-at-21.14.25-450x300.jpeg 450w, https:\/\/marituba.pa.gov.br\/site\/wp-content\/uploads\/2026\/06\/WhatsApp-Image-2026-06-02-at-21.14.25-1200x800.jpeg 1200w, https:\/\/marituba.pa.gov.br\/site\/wp-content\/uploads\/2026\/06\/WhatsApp-Image-2026-06-02-at-21.14.25.jpeg 1600w\" sizes=\"(max-width: 300px) 100vw, 300px\" \/><\/a><figcaption id=\"caption-attachment-74796\" class=\"wp-caption-text\">secret\u00e1rio especial de Governo, Fernando Braun.<\/figcaption><\/figure>\n<p>Para o secret\u00e1rio especial de Governo, Fernando Braun, o Coruj\u00e3o surgiu justamente para atender essa necessidade da popula\u00e7\u00e3o. \u201cO Coruj\u00e3o da Cidadania foi pensado para ajudar a popula\u00e7\u00e3o, especialmente quem passa o dia trabalhando e n\u00e3o tem tempo h\u00e1bil para buscar alguns servi\u00e7os. Por isso, concentramos em um \u00fanico local diversos atendimentos da gest\u00e3o, com hor\u00e1rio estendido, das 17h \u00e0s 21h.\u201d<\/p>\n<p>Segundo o secret\u00e1rio, a concentra\u00e7\u00e3o dos servi\u00e7os tamb\u00e9m proporciona mais praticidade para quem procura atendimento. \u201cA popula\u00e7\u00e3o consegue ter acesso a servi\u00e7os de sa\u00fade, emiss\u00e3o de documentos, atendimento com assistentes sociais e diversas outras atividades, tudo concentrado na Prefeitura, em um local seguro e de f\u00e1cil acesso.\u201d<\/p>\n<figure id=\"attachment_75661\" aria-describedby=\"caption-attachment-75661\" style=\"width: 300px\" class=\"wp-caption alignright\"><a href=\"https:\/\/marituba.pa.gov.br\/site\/wp-content\/uploads\/2026\/09\/WhatsApp-Image-2026-09-03-at-14.44.38.jpeg\"><img decoding=\"async\" class=\"wp-image-75661 size-medium\" src=\"https:\/\/marituba.pa.gov.br\/site\/wp-content\/uploads\/2026\/09\/WhatsApp-Image-2026-09-03-at-14.44.38-300x169.jpeg\" alt=\"\" width=\"300\" height=\"169\" srcset=\"https:\/\/marituba.pa.gov.br\/site\/wp-content\/uploads\/2026\/09\/WhatsApp-Image-2026-09-03-at-14.44.38-300x169.jpeg 300w, https:\/\/marituba.pa.gov.br\/site\/wp-content\/uploads\/2026\/09\/WhatsApp-Image-2026-09-03-at-14.44.38-1024x576.jpeg 1024w, https:\/\/marituba.pa.gov.br\/site\/wp-content\/uploads\/2026\/09\/WhatsApp-Image-2026-09-03-at-14.44.38-768x432.jpeg 768w, https:\/\/marituba.pa.gov.br\/site\/wp-content\/uploads\/2026\/09\/WhatsApp-Image-2026-09-03-at-14.44.38-1536x864.jpeg 1536w, https:\/\/marituba.pa.gov.br\/site\/wp-content\/uploads\/2026\/09\/WhatsApp-Image-2026-09-03-at-14.44.38-150x84.jpeg 150w, https:\/\/marituba.pa.gov.br\/site\/wp-content\/uploads\/2026\/09\/WhatsApp-Image-2026-09-03-at-14.44.38-450x253.jpeg 450w, https:\/\/marituba.pa.gov.br\/site\/wp-content\/uploads\/2026\/09\/WhatsApp-Image-2026-09-03-at-14.44.38-1200x675.jpeg 1200w, https:\/\/marituba.pa.gov.br\/site\/wp-content\/uploads\/2026\/09\/WhatsApp-Image-2026-09-03-at-14.44.38.jpeg 1600w\" sizes=\"(max-width: 300px) 100vw, 300px\" \/><\/a><figcaption id=\"caption-attachment-75661\" class=\"wp-caption-text\">Eric Walter, mun\u00edcipe.<\/figcaption><\/figure>\n<p>Entre os moradores atendidos esteve Eric Walter, que aproveitou a oportunidade para emitir sua carteira de identidade. Para ele, o hor\u00e1rio diferenciado facilitou a resolu\u00e7\u00e3o de uma demanda que estava pendente. \u201cGostei bastante. Eu estava h\u00e1 um bom tempo sem conseguir tirar minha identidade e, com o Coruj\u00e3o, tive a oportunidade de resolver isso. Foi muito bom e facilitou bastante.\u201d<\/p>\n<p>Ao completar um ano de atividades, o Coruj\u00e3o da Cidadania consolida-se como uma alternativa de atendimento em hor\u00e1rio diferenciado, aproximando os servi\u00e7os p\u00fablicos da popula\u00e7\u00e3o e reunindo diferentes \u00e1reas da administra\u00e7\u00e3o municipal em um \u00fanico espa\u00e7o.<\/p>\n<p>Secretaria de Comunica\u00e7\u00e3o de Marituba<\/p>\n<p>Fotos: Ary Brito<\/p>\n<p><a href=\"https:\/\/marituba.pa.gov.br\/site\/wp-content\/uploads\/2026\/09\/WhatsApp-Image-2026-09-02-at-20.07.45-1.jpeg\"><img decoding=\"async\" class=\"size-medium wp-image-75662 alignleft\" src=\"https:\/\/marituba.pa.gov.br\/site\/wp-content\/uploads\/2026\/09\/WhatsApp-Image-2026-09-02-at-20.07.45-1-300x200.jpeg\" alt=\"\" width=\"300\" height=\"200\" srcset=\"https:\/\/marituba.pa.gov.br\/site\/wp-content\/uploads\/2026\/09\/WhatsApp-Image-2026-09-02-at-20.07.45-1-300x200.jpeg 300w, https:\/\/marituba.pa.gov.br\/site\/wp-content\/uploads\/2026\/09\/WhatsApp-Image-2026-09-02-at-20.07.45-1-1024x682.jpeg 1024w, https:\/\/marituba.pa.gov.br\/site\/wp-content\/uploads\/2026\/09\/WhatsApp-Image-2026-09-02-at-20.07.45-1-768x512.jpeg 768w, https:\/\/marituba.pa.gov.br\/site\/wp-content\/uploads\/2026\/09\/WhatsApp-Image-2026-09-02-at-20.07.45-1-1536x1023.jpeg 1536w, https:\/\/marituba.pa.gov.br\/site\/wp-content\/uploads\/2026\/09\/WhatsApp-Image-2026-09-02-at-20.07.45-1-150x100.jpeg 150w, https:\/\/marituba.pa.gov.br\/site\/wp-content\/uploads\/2026\/09\/WhatsApp-Image-2026-09-02-at-20.07.45-1-450x300.jpeg 450w, https:\/\/marituba.pa.gov.br\/site\/wp-content\/uploads\/2026\/09\/WhatsApp-Image-2026-09-02-at-20.07.45-1-1200x800.jpeg 1200w, https:\/\/marituba.pa.gov.br\/site\/wp-content\/uploads\/2026\/09\/WhatsApp-Image-2026-09-02-at-20.07.45-1.jpeg 1600w\" sizes=\"(max-width: 300px) 100vw, 300px\" \/><\/a> <a href=\"https:\/\/marituba.pa.gov.br\/site\/wp-content\/uploads\/2026\/09\/WhatsApp-Image-2026-09-02-at-20.07.45.jpeg\"><img loading=\"lazy\" decoding=\"async\" class=\"size-medium wp-image-75663 alignright\" src=\"https:\/\/marituba.pa.gov.br\/site\/wp-content\/uploads\/2026\/09\/WhatsApp-Image-2026-09-02-at-20.07.45-300x200.jpeg\" alt=\"\" width=\"300\" height=\"200\" srcset=\"https:\/\/marituba.pa.gov.br\/site\/wp-content\/uploads\/2026\/09\/WhatsApp-Image-2026-09-02-at-20.07.45-300x200.jpeg 300w, https:\/\/marituba.pa.gov.br\/site\/wp-content\/uploads\/2026\/09\/WhatsApp-Image-2026-09-02-at-20.07.45-1024x682.jpeg 1024w, https:\/\/marituba.pa.gov.br\/site\/wp-content\/uploads\/2026\/09\/WhatsApp-Image-2026-09-02-at-20.07.45-768x512.jpeg 768w, https:\/\/marituba.pa.gov.br\/site\/wp-content\/uploads\/2026\/09\/WhatsApp-Image-2026-09-02-at-20.07.45-1536x1023.jpeg 1536w, https:\/\/marituba.pa.gov.br\/site\/wp-content\/uploads\/2026\/09\/WhatsApp-Image-2026-09-02-at-20.07.45-150x100.jpeg 150w, https:\/\/marituba.pa.gov.br\/site\/wp-content\/uploads\/2026\/09\/WhatsApp-Image-2026-09-02-at-20.07.45-450x300.jpeg 450w, https:\/\/marituba.pa.gov.br\/site\/wp-content\/uploads\/2026\/09\/WhatsApp-Image-2026-09-02-at-20.07.45-1200x800.jpeg 1200w, https:\/\/marituba.pa.gov.br\/site\/wp-content\/uploads\/2026\/09\/WhatsApp-Image-2026-09-02-at-20.07.45.jpeg 1600w\" sizes=\"(max-width: 300px) 100vw, 300px\" \/><\/a> <a href=\"https:\/\/marituba.pa.gov.br\/site\/wp-content\/uploads\/2026\/09\/WhatsApp-Image-2026-09-02-at-20.07.43-1.jpeg\"><img loading=\"lazy\" decoding=\"async\" class=\"size-medium wp-image-75664 alignleft\" src=\"https:\/\/marituba.pa.gov.br\/site\/wp-content\/uploads\/2026\/09\/WhatsApp-Image-2026-09-02-at-20.07.43-1-300x200.jpeg\" alt=\"\" width=\"300\" height=\"200\" srcset=\"https:\/\/marituba.pa.gov.br\/site\/wp-content\/uploads\/2026\/09\/WhatsApp-Image-2026-09-02-at-20.07.43-1-300x200.jpeg 300w, https:\/\/marituba.pa.gov.br\/site\/wp-content\/uploads\/2026\/09\/WhatsApp-Image-2026-09-02-at-20.07.43-1-1024x682.jpeg 1024w, https:\/\/marituba.pa.gov.br\/site\/wp-content\/uploads\/2026\/09\/WhatsApp-Image-2026-09-02-at-20.07.43-1-768x512.jpeg 768w, https:\/\/marituba.pa.gov.br\/site\/wp-content\/uploads\/2026\/09\/WhatsApp-Image-2026-09-02-at-20.07.43-1-1536x1023.jpeg 1536w, https:\/\/marituba.pa.gov.br\/site\/wp-content\/uploads\/2026\/09\/WhatsApp-Image-2026-09-02-at-20.07.43-1-150x100.jpeg 150w, https:\/\/marituba.pa.gov.br\/site\/wp-content\/uploads\/2026\/09\/WhatsApp-Image-2026-09-02-at-20.07.43-1-450x300.jpeg 450w, https:\/\/marituba.pa.gov.br\/site\/wp-content\/uploads\/2026\/09\/WhatsApp-Image-2026-09-02-at-20.07.43-1-1200x800.jpeg 1200w, https:\/\/marituba.pa.gov.br\/site\/wp-content\/uploads\/2026\/09\/WhatsApp-Image-2026-09-02-at-20.07.43-1.jpeg 1600w\" sizes=\"(max-width: 300px) 100vw, 300px\" \/><\/a> <a href=\"https:\/\/marituba.pa.gov.br\/site\/wp-content\/uploads\/2026\/09\/WhatsApp-Image-2026-09-02-at-20.07.43.jpeg\"><img loading=\"lazy\" decoding=\"async\" class=\"size-medium wp-image-75665 alignright\" src=\"https:\/\/marituba.pa.gov.br\/site\/wp-content\/uploads\/2026\/09\/WhatsApp-Image-2026-09-02-at-20.07.43-300x200.jpeg\" alt=\"\" width=\"300\" height=\"200\" srcset=\"https:\/\/marituba.pa.gov.br\/site\/wp-content\/uploads\/2026\/09\/WhatsApp-Image-2026-09-02-at-20.07.43-300x200.jpeg 300w, https:\/\/marituba.pa.gov.br\/site\/wp-content\/uploads\/2026\/09\/WhatsApp-Image-2026-09-02-at-20.07.43-1024x682.jpeg 1024w, https:\/\/marituba.pa.gov.br\/site\/wp-content\/uploads\/2026\/09\/WhatsApp-Image-2026-09-02-at-20.07.43-768x512.jpeg 768w, https:\/\/marituba.pa.gov.br\/site\/wp-content\/uploads\/2026\/09\/WhatsApp-Image-2026-09-02-at-20.07.43-1536x1023.jpeg 1536w, https:\/\/marituba.pa.gov.br\/site\/wp-content\/uploads\/2026\/09\/WhatsApp-Image-2026-09-02-at-20.07.43-150x100.jpeg 150w, https:\/\/marituba.pa.gov.br\/site\/wp-content\/uploads\/2026\/09\/WhatsApp-Image-2026-09-02-at-20.07.43-450x300.jpeg 450w, https:\/\/marituba.pa.gov.br\/site\/wp-content\/uploads\/2026\/09\/WhatsApp-Image-2026-09-02-at-20.07.43-1200x800.jpeg 1200w, https:\/\/marituba.pa.gov.br\/site\/wp-content\/uploads\/2026\/09\/WhatsApp-Image-2026-09-02-at-20.07.43.jpeg 1600w\" sizes=\"(max-width: 300px) 100vw, 300px\" \/><\/a> <a href=\"https:\/\/marituba.pa.gov.br\/site\/wp-content\/uploads\/2026\/09\/WhatsApp-Image-2026-09-02-at-20.07.42-1.jpeg\"><img loading=\"lazy\" decoding=\"async\" class=\"size-medium wp-image-75666 alignleft\" src=\"https:\/\/marituba.pa.gov.br\/site\/wp-content\/uploads\/2026\/09\/WhatsApp-Image-2026-09-02-at-20.07.42-1-300x200.jpeg\" alt=\"\" width=\"300\" height=\"200\" srcset=\"https:\/\/marituba.pa.gov.br\/site\/wp-content\/uploads\/2026\/09\/WhatsApp-Image-2026-09-02-at-20.07.42-1-300x200.jpeg 300w, https:\/\/marituba.pa.gov.br\/site\/wp-content\/uploads\/2026\/09\/WhatsApp-Image-2026-09-02-at-20.07.42-1-1024x682.jpeg 1024w, https:\/\/marituba.pa.gov.br\/site\/wp-content\/uploads\/2026\/09\/WhatsApp-Image-2026-09-02-at-20.07.42-1-768x512.jpeg 768w, https:\/\/marituba.pa.gov.br\/site\/wp-content\/uploads\/2026\/09\/WhatsApp-Image-2026-09-02-at-20.07.42-1-1536x1023.jpeg 1536w, https:\/\/marituba.pa.gov.br\/site\/wp-content\/uploads\/2026\/09\/WhatsApp-Image-2026-09-02-at-20.07.42-1-150x100.jpeg 150w, https:\/\/marituba.pa.gov.br\/site\/wp-content\/uploads\/2026\/09\/WhatsApp-Image-2026-09-02-at-20.07.42-1-450x300.jpeg 450w, https:\/\/marituba.pa.gov.br\/site\/wp-content\/uploads\/2026\/09\/WhatsApp-Image-2026-09-02-at-20.07.42-1-1200x800.jpeg 1200w, https:\/\/marituba.pa.gov.br\/site\/wp-content\/uploads\/2026\/09\/WhatsApp-Image-2026-09-02-at-20.07.42-1.jpeg 1600w\" sizes=\"(max-width: 300px) 100vw, 300px\" \/><\/a> <a href=\"https:\/\/marituba.pa.gov.br\/site\/wp-content\/uploads\/2026\/09\/WhatsApp-Image-2026-09-02-at-20.07.40-1.jpeg\"><img loading=\"lazy\" decoding=\"async\" class=\"size-medium wp-image-75668 alignright\" src=\"https:\/\/marituba.pa.gov.br\/site\/wp-content\/uploads\/2026\/09\/WhatsApp-Image-2026-09-02-at-20.07.40-1-300x200.jpeg\" alt=\"\" width=\"300\" height=\"200\" srcset=\"https:\/\/marituba.pa.gov.br\/site\/wp-content\/uploads\/2026\/09\/WhatsApp-Image-2026-09-02-at-20.07.40-1-300x200.jpeg 300w, https:\/\/marituba.pa.gov.br\/site\/wp-content\/uploads\/2026\/09\/WhatsApp-Image-2026-09-02-at-20.07.40-1-1024x682.jpeg 1024w, https:\/\/marituba.pa.gov.br\/site\/wp-content\/uploads\/2026\/09\/WhatsApp-Image-2026-09-02-at-20.07.40-1-768x512.jpeg 768w, https:\/\/marituba.pa.gov.br\/site\/wp-content\/uploads\/2026\/09\/WhatsApp-Image-2026-09-02-at-20.07.40-1-1536x1023.jpeg 1536w, https:\/\/marituba.pa.gov.br\/site\/wp-content\/uploads\/2026\/09\/WhatsApp-Image-2026-09-02-at-20.07.40-1-150x100.jpeg 150w, https:\/\/marituba.pa.gov.br\/site\/wp-content\/uploads\/2026\/09\/WhatsApp-Image-2026-09-02-at-20.07.40-1-450x300.jpeg 450w, https:\/\/marituba.pa.gov.br\/site\/wp-content\/uploads\/2026\/09\/WhatsApp-Image-2026-09-02-at-20.07.40-1-1200x800.jpeg 1200w, https:\/\/marituba.pa.gov.br\/site\/wp-content\/uploads\/2026\/09\/WhatsApp-Image-2026-09-02-at-20.07.40-1.jpeg 1600w\" sizes=\"(max-width: 300px) 100vw, 300px\" \/><\/a> <a href=\"https:\/\/marituba.pa.gov.br\/site\/wp-content\/uploads\/2026\/09\/WhatsApp-Image-2026-09-02-at-20.07.39-1.jpeg\"><img loading=\"lazy\" decoding=\"async\" class=\"size-medium wp-image-75670 alignright\" src=\"https:\/\/marituba.pa.gov.br\/site\/wp-content\/uploads\/2026\/09\/WhatsApp-Image-2026-09-02-at-20.07.39-1-300x200.jpeg\" alt=\"\" width=\"300\" height=\"200\" srcset=\"https:\/\/marituba.pa.gov.br\/site\/wp-content\/uploads\/2026\/09\/WhatsApp-Image-2026-09-02-at-20.07.39-1-300x200.jpeg 300w, https:\/\/marituba.pa.gov.br\/site\/wp-content\/uploads\/2026\/09\/WhatsApp-Image-2026-09-02-at-20.07.39-1-1024x682.jpeg 1024w, https:\/\/marituba.pa.gov.br\/site\/wp-content\/uploads\/2026\/09\/WhatsApp-Image-2026-09-02-at-20.07.39-1-768x512.jpeg 768w, https:\/\/marituba.pa.gov.br\/site\/wp-content\/uploads\/2026\/09\/WhatsApp-Image-2026-09-02-at-20.07.39-1-1536x1023.jpeg 1536w, https:\/\/marituba.pa.gov.br\/site\/wp-content\/uploads\/2026\/09\/WhatsApp-Image-2026-09-02-at-20.07.39-1-150x100.jpeg 150w, https:\/\/marituba.pa.gov.br\/site\/wp-content\/uploads\/2026\/09\/WhatsApp-Image-2026-09-02-at-20.07.39-1-450x300.jpeg 450w, https:\/\/marituba.pa.gov.br\/site\/wp-content\/uploads\/2026\/09\/WhatsApp-Image-2026-09-02-at-20.07.39-1-1200x800.jpeg 1200w, https:\/\/marituba.pa.gov.br\/site\/wp-content\/uploads\/2026\/09\/WhatsApp-Image-2026-09-02-at-20.07.39-1.jpeg 1600w\" sizes=\"(max-width: 300px) 100vw, 300px\" \/><\/a> <a href=\"https:\/\/marituba.pa.gov.br\/site\/wp-content\/uploads\/2026\/09\/WhatsApp-Image-2026-09-02-at-20.07.39.jpeg\"><img loading=\"lazy\" decoding=\"async\" class=\"size-medium wp-image-75671 alignleft\" src=\"https:\/\/marituba.pa.gov.br\/site\/wp-content\/uploads\/2026\/09\/WhatsApp-Image-2026-09-02-at-20.07.39-300x200.jpeg\" alt=\"\" width=\"300\" height=\"200\" srcset=\"https:\/\/marituba.pa.gov.br\/site\/wp-content\/uploads\/2026\/09\/WhatsApp-Image-2026-09-02-at-20.07.39-300x200.jpeg 300w, https:\/\/marituba.pa.gov.br\/site\/wp-content\/uploads\/2026\/09\/WhatsApp-Image-2026-09-02-at-20.07.39-1024x682.jpeg 1024w, https:\/\/marituba.pa.gov.br\/site\/wp-content\/uploads\/2026\/09\/WhatsApp-Image-2026-09-02-at-20.07.39-768x512.jpeg 768w, https:\/\/marituba.pa.gov.br\/site\/wp-content\/uploads\/2026\/09\/WhatsApp-Image-2026-09-02-at-20.07.39-1536x1023.jpeg 1536w, https:\/\/marituba.pa.gov.br\/site\/wp-content\/uploads\/2026\/09\/WhatsApp-Image-2026-09-02-at-20.07.39-150x100.jpeg 150w, https:\/\/marituba.pa.gov.br\/site\/wp-content\/uploads\/2026\/09\/WhatsApp-Image-2026-09-02-at-20.07.39-450x300.jpeg 450w, https:\/\/marituba.pa.gov.br\/site\/wp-content\/uploads\/2026\/09\/WhatsApp-Image-2026-09-02-at-20.07.39-1200x800.jpeg 1200w, https:\/\/marituba.pa.gov.br\/site\/wp-content\/uploads\/2026\/09\/WhatsApp-Image-2026-09-02-at-20.07.39.jpeg 1600w\" sizes=\"(max-width: 300px) 100vw, 300px\" \/><\/a> <a href=\"https:\/\/marituba.pa.gov.br\/site\/wp-content\/uploads\/2026\/09\/WhatsApp-Image-2026-09-02-at-20.07.38.jpeg\"><img loading=\"lazy\" decoding=\"async\" class=\"size-medium wp-image-75672 alignright\" src=\"https:\/\/marituba.pa.gov.br\/site\/wp-content\/uploads\/2026\/09\/WhatsApp-Image-2026-09-02-at-20.07.38-300x200.jpeg\" alt=\"\" width=\"300\" height=\"200\" srcset=\"https:\/\/marituba.pa.gov.br\/site\/wp-content\/uploads\/2026\/09\/WhatsApp-Image-2026-09-02-at-20.07.38-300x200.jpeg 300w, https:\/\/marituba.pa.gov.br\/site\/wp-content\/uploads\/2026\/09\/WhatsApp-Image-2026-09-02-at-20.07.38-1024x682.jpeg 1024w, https:\/\/marituba.pa.gov.br\/site\/wp-content\/uploads\/2026\/09\/WhatsApp-Image-2026-09-02-at-20.07.38-768x512.jpeg 768w, https:\/\/marituba.pa.gov.br\/site\/wp-content\/uploads\/2026\/09\/WhatsApp-Image-2026-09-02-at-20.07.38-1536x1023.jpeg 1536w, https:\/\/marituba.pa.gov.br\/site\/wp-content\/uploads\/2026\/09\/WhatsApp-Image-2026-09-02-at-20.07.38-150x100.jpeg 150w, https:\/\/marituba.pa.gov.br\/site\/wp-content\/uploads\/2026\/09\/WhatsApp-Image-2026-09-02-at-20.07.38-450x300.jpeg 450w, https:\/\/marituba.pa.gov.br\/site\/wp-content\/uploads\/2026\/09\/WhatsApp-Image-2026-09-02-at-20.07.38-1200x800.jpeg 1200w, https:\/\/marituba.pa.gov.br\/site\/wp-content\/uploads\/2026\/09\/WhatsApp-Image-2026-09-02-at-20.07.38.jpeg 1600w\" sizes=\"(max-width: 300px) 100vw, 300px\" \/><\/a> <a href=\"https:\/\/marituba.pa.gov.br\/site\/wp-content\/uploads\/2026\/09\/WhatsApp-Image-2026-09-02-at-20.07.37-1.jpeg\"><img loading=\"lazy\" decoding=\"async\" class=\"size-medium wp-image-75673 alignleft\" src=\"https:\/\/marituba.pa.gov.br\/site\/wp-content\/uploads\/2026\/09\/WhatsApp-Image-2026-09-02-at-20.07.37-1-300x200.jpeg\" alt=\"\" width=\"300\" height=\"200\" srcset=\"https:\/\/marituba.pa.gov.br\/site\/wp-content\/uploads\/2026\/09\/WhatsApp-Image-2026-09-02-at-20.07.37-1-300x200.jpeg 300w, https:\/\/marituba.pa.gov.br\/site\/wp-content\/uploads\/2026\/09\/WhatsApp-Image-2026-09-02-at-20.07.37-1-1024x682.jpeg 1024w, https:\/\/marituba.pa.gov.br\/site\/wp-content\/uploads\/2026\/09\/WhatsApp-Image-2026-09-02-at-20.07.37-1-768x512.jpeg 768w, https:\/\/marituba.pa.gov.br\/site\/wp-content\/uploads\/2026\/09\/WhatsApp-Image-2026-09-02-at-20.07.37-1-1536x1023.jpeg 1536w, https:\/\/marituba.pa.gov.br\/site\/wp-content\/uploads\/2026\/09\/WhatsApp-Image-2026-09-02-at-20.07.37-1-150x100.jpeg 150w, https:\/\/marituba.pa.gov.br\/site\/wp-content\/uploads\/2026\/09\/WhatsApp-Image-2026-09-02-at-20.07.37-1-450x300.jpeg 450w, https:\/\/marituba.pa.gov.br\/site\/wp-content\/uploads\/2026\/09\/WhatsApp-Image-2026-09-02-at-20.07.37-1-1200x800.jpeg 1200w, https:\/\/marituba.pa.gov.br\/site\/wp-content\/uploads\/2026\/09\/WhatsApp-Image-2026-09-02-at-20.07.37-1.jpeg 1600w\" sizes=\"(max-width: 300px) 100vw, 300px\" \/><\/a> <a href=\"https:\/\/marituba.pa.gov.br\/site\/wp-content\/uploads\/2026\/09\/WhatsApp-Image-2026-09-02-at-20.07.37.jpeg\"><img loading=\"lazy\" decoding=\"async\" class=\"size-medium wp-image-75674 alignright\" src=\"https:\/\/marituba.pa.gov.br\/site\/wp-content\/uploads\/2026\/09\/WhatsApp-Image-2026-09-02-at-20.07.37-300x200.jpeg\" alt=\"\" width=\"300\" height=\"200\" srcset=\"https:\/\/marituba.pa.gov.br\/site\/wp-content\/uploads\/2026\/09\/WhatsApp-Image-2026-09-02-at-20.07.37-300x200.jpeg 300w, https:\/\/marituba.pa.gov.br\/site\/wp-content\/uploads\/2026\/09\/WhatsApp-Image-2026-09-02-at-20.07.37-1024x682.jpeg 1024w, https:\/\/marituba.pa.gov.br\/site\/wp-content\/uploads\/2026\/09\/WhatsApp-Image-2026-09-02-at-20.07.37-768x512.jpeg 768w, https:\/\/marituba.pa.gov.br\/site\/wp-content\/uploads\/2026\/09\/WhatsApp-Image-2026-09-02-at-20.07.37-1536x1023.jpeg 1536w, https:\/\/marituba.pa.gov.br\/site\/wp-content\/uploads\/2026\/09\/WhatsApp-Image-2026-09-02-at-20.07.37-150x100.jpeg 150w, https:\/\/marituba.pa.gov.br\/site\/wp-content\/uploads\/2026\/09\/WhatsApp-Image-2026-09-02-at-20.07.37-450x300.jpeg 450w, https:\/\/marituba.pa.gov.br\/site\/wp-content\/uploads\/2026\/09\/WhatsApp-Image-2026-09-02-at-20.07.37-1200x800.jpeg 1200w, https:\/\/marituba.pa.gov.br\/site\/wp-content\/uploads\/2026\/09\/WhatsApp-Image-2026-09-02-at-20.07.37.jpeg 1600w\" sizes=\"(max-width: 300px) 100vw, 300px\" \/><\/a> <a href=\"https:\/\/marituba.pa.gov.br\/site\/wp-content\/uploads\/2026\/09\/WhatsApp-Image-2026-09-02-at-20.07.35-1.jpeg\"><img loading=\"lazy\" decoding=\"async\" class=\"size-medium wp-image-75675 alignleft\" src=\"https:\/\/marituba.pa.gov.br\/site\/wp-content\/uploads\/2026\/09\/WhatsApp-Image-2026-09-02-at-20.07.35-1-300x200.jpeg\" alt=\"\" width=\"300\" height=\"200\" srcset=\"https:\/\/marituba.pa.gov.br\/site\/wp-content\/uploads\/2026\/09\/WhatsApp-Image-2026-09-02-at-20.07.35-1-300x200.jpeg 300w, https:\/\/marituba.pa.gov.br\/site\/wp-content\/uploads\/2026\/09\/WhatsApp-Image-2026-09-02-at-20.07.35-1-1024x682.jpeg 1024w, https:\/\/marituba.pa.gov.br\/site\/wp-content\/uploads\/2026\/09\/WhatsApp-Image-2026-09-02-at-20.07.35-1-768x512.jpeg 768w, https:\/\/marituba.pa.gov.br\/site\/wp-content\/uploads\/2026\/09\/WhatsApp-Image-2026-09-02-at-20.07.35-1-1536x1023.jpeg 1536w, https:\/\/marituba.pa.gov.br\/site\/wp-content\/uploads\/2026\/09\/WhatsApp-Image-2026-09-02-at-20.07.35-1-150x100.jpeg 150w, https:\/\/marituba.pa.gov.br\/site\/wp-content\/uploads\/2026\/09\/WhatsApp-Image-2026-09-02-at-20.07.35-1-450x300.jpeg 450w, https:\/\/marituba.pa.gov.br\/site\/wp-content\/uploads\/2026\/09\/WhatsApp-Image-2026-09-02-at-20.07.35-1-1200x800.jpeg 1200w, https:\/\/marituba.pa.gov.br\/site\/wp-content\/uploads\/2026\/09\/WhatsApp-Image-2026-09-02-at-20.07.35-1.jpeg 1600w\" sizes=\"(max-width: 300px) 100vw, 300px\" \/><\/a><\/p>\n","protected":false},"excerpt":{"rendered":"<p>A Prefeitura de Marituba realizou, nesta \u00faltima quarta-feira (2), mais uma edi\u00e7\u00e3o do Coruj\u00e3o da Cidadania, iniciativa que h\u00e1 um ano amplia o acesso da popula\u00e7\u00e3o aos servi\u00e7os p\u00fablicos em hor\u00e1rio estendido. Criado para atender principalmente quem trabalha durante o dia e encontra dificuldades para buscar atendimento no hor\u00e1rio convencional, o Coruj\u00e3o re\u00fane diferentes \u00e1reas<\/p>\n","protected":false},"author":25,"featured_media":75660,"comment_status":"closed","ping_status":"closed","sticky":false,"template":"","format":"standard","meta":{"footnotes":""},"categories":[1],"tags":[],"class_list":["post-75659","post","type-post","status-publish","format-standard","has-post-thumbnail","category-noticias"],"yoast_head":"<!-- This site is optimized with the Yoast SEO plugin v28.1 - https:\/\/yoast.com\/product\/yoast-seo-wordpress\/ -->\n<title>Marituba realiza mais uma edi\u00e7\u00e3o do Coruj\u00e3o da Cidadania com atendimento em hor\u00e1rio estendido - Prefeitura Municipal de Marituba - PA | Gest\u00e3o 2025-2028<\/title>\n<meta name=\"robots\" content=\"index, follow, max-snippet:-1, max-image-preview:large, max-video-preview:-1\" \/>\n<link rel=\"canonical\" href=\"https:\/\/marituba.pa.gov.br\/site\/marituba-realiza-mais-uma-edicao-do-corujao-da-cidadania-com-atendimento-em-horario-estendido\/\" \/>\n<meta property=\"og:locale\" content=\"pt_BR\" \/>\n<meta property=\"og:type\" content=\"article\" \/>\n<meta property=\"og:title\" content=\"Marituba realiza mais uma edi\u00e7\u00e3o do Coruj\u00e3o da Cidadania com atendimento em hor\u00e1rio estendido - Prefeitura Municipal de Marituba - PA | Gest\u00e3o 2025-2028\" \/>\n<meta property=\"og:description\" content=\"A Prefeitura de Marituba realizou, nesta \u00faltima quarta-feira (2), mais uma edi\u00e7\u00e3o do Coruj\u00e3o da Cidadania, iniciativa que h\u00e1 um ano amplia o acesso da popula\u00e7\u00e3o aos servi\u00e7os p\u00fablicos em hor\u00e1rio estendido. Criado para atender principalmente quem trabalha durante o dia e encontra dificuldades para buscar atendimento no hor\u00e1rio convencional, o Coruj\u00e3o re\u00fane diferentes \u00e1reas\" \/>\n<meta property=\"og:url\" content=\"https:\/\/marituba.pa.gov.br\/site\/marituba-realiza-mais-uma-edicao-do-corujao-da-cidadania-com-atendimento-em-horario-estendido\/\" \/>\n<meta property=\"og:site_name\" content=\"Prefeitura Municipal de Marituba - PA | Gest\u00e3o 2025-2028\" \/>\n<meta property=\"article:published_time\" content=\"2026-09-03T18:02:51+00:00\" \/>\n<meta property=\"og:image\" content=\"https:\/\/marituba.pa.gov.br\/site\/wp-content\/uploads\/2026\/09\/WhatsApp-Image-2026-09-02-at-20.07.35.jpeg\" \/>\n\t<meta property=\"og:image:width\" content=\"1600\" \/>\n\t<meta property=\"og:image:height\" content=\"1066\" \/>\n\t<meta property=\"og:image:type\" content=\"image\/jpeg\" \/>\n<meta name=\"author\" content=\"maritubaimprensa\" \/>\n<meta name=\"twitter:label1\" content=\"Escrito por\" \/>\n\t<meta name=\"twitter:data1\" content=\"maritubaimprensa\" \/>\n\t<meta name=\"twitter:label2\" content=\"Est. tempo de leitura\" \/>\n\t<meta name=\"twitter:data2\" content=\"5 minutos\" \/>\n<script type=\"application\/ld+json\" class=\"yoast-schema-graph\">{\"@context\":\"https:\\\/\\\/schema.org\",\"@graph\":[{\"@type\":\"Article\",\"@id\":\"https:\\\/\\\/marituba.pa.gov.br\\\/site\\\/marituba-realiza-mais-uma-edicao-do-corujao-da-cidadania-com-atendimento-em-horario-estendido\\\/#article\",\"isPartOf\":{\"@id\":\"https:\\\/\\\/marituba.pa.gov.br\\\/site\\\/marituba-realiza-mais-uma-edicao-do-corujao-da-cidadania-com-atendimento-em-horario-estendido\\\/\"},\"author\":{\"name\":\"maritubaimprensa\",\"@id\":\"https:\\\/\\\/marituba.pa.gov.br\\\/site\\\/#\\\/schema\\\/person\\\/01641c6b91674b43ef06391daf008b4a\"},\"headline\":\"Marituba realiza mais uma edi\u00e7\u00e3o do Coruj\u00e3o da Cidadania com atendimento em hor\u00e1rio estendido\",\"datePublished\":\"2026-09-03T18:02:51+00:00\",\"mainEntityOfPage\":{\"@id\":\"https:\\\/\\\/marituba.pa.gov.br\\\/site\\\/marituba-realiza-mais-uma-edicao-do-corujao-da-cidadania-com-atendimento-em-horario-estendido\\\/\"},\"wordCount\":441,\"image\":{\"@id\":\"https:\\\/\\\/marituba.pa.gov.br\\\/site\\\/marituba-realiza-mais-uma-edicao-do-corujao-da-cidadania-com-atendimento-em-horario-estendido\\\/#primaryimage\"},\"thumbnailUrl\":\"https:\\\/\\\/marituba.pa.gov.br\\\/site\\\/wp-content\\\/uploads\\\/2026\\\/09\\\/WhatsApp-Image-2026-09-02-at-20.07.35.jpeg\",\"articleSection\":[\"Not\u00edcias\"],\"inLanguage\":\"pt-BR\"},{\"@type\":\"WebPage\",\"@id\":\"https:\\\/\\\/marituba.pa.gov.br\\\/site\\\/marituba-realiza-mais-uma-edicao-do-corujao-da-cidadania-com-atendimento-em-horario-estendido\\\/\",\"url\":\"https:\\\/\\\/marituba.pa.gov.br\\\/site\\\/marituba-realiza-mais-uma-edicao-do-corujao-da-cidadania-com-atendimento-em-horario-estendido\\\/\",\"name\":\"Marituba realiza mais uma edi\u00e7\u00e3o do Coruj\u00e3o da Cidadania com atendimento em hor\u00e1rio estendido - Prefeitura Municipal de Marituba - PA | Gest\u00e3o 2025-2028\",\"isPartOf\":{\"@id\":\"https:\\\/\\\/marituba.pa.gov.br\\\/site\\\/#website\"},\"primaryImageOfPage\":{\"@id\":\"https:\\\/\\\/marituba.pa.gov.br\\\/site\\\/marituba-realiza-mais-uma-edicao-do-corujao-da-cidadania-com-atendimento-em-horario-estendido\\\/#primaryimage\"},\"image\":{\"@id\":\"https:\\\/\\\/marituba.pa.gov.br\\\/site\\\/marituba-realiza-mais-uma-edicao-do-corujao-da-cidadania-com-atendimento-em-horario-estendido\\\/#primaryimage\"},\"thumbnailUrl\":\"https:\\\/\\\/marituba.pa.gov.br\\\/site\\\/wp-content\\\/uploads\\\/2026\\\/09\\\/WhatsApp-Image-2026-09-02-at-20.07.35.jpeg\",\"datePublished\":\"2026-09-03T18:02:51+00:00\",\"author\":{\"@id\":\"https:\\\/\\\/marituba.pa.gov.br\\\/site\\\/#\\\/schema\\\/person\\\/01641c6b91674b43ef06391daf008b4a\"},\"inLanguage\":\"pt-BR\",\"potentialAction\":[{\"@type\":\"ReadAction\",\"target\":[\"https:\\\/\\\/marituba.pa.gov.br\\\/site\\\/marituba-realiza-mais-uma-edicao-do-corujao-da-cidadania-com-atendimento-em-horario-estendido\\\/\"]}]},{\"@type\":\"ImageObject\",\"inLanguage\":\"pt-BR\",\"@id\":\"https:\\\/\\\/marituba.pa.gov.br\\\/site\\\/marituba-realiza-mais-uma-edicao-do-corujao-da-cidadania-com-atendimento-em-horario-estendido\\\/#primaryimage\",\"url\":\"https:\\\/\\\/marituba.pa.gov.br\\\/site\\\/wp-content\\\/uploads\\\/2026\\\/09\\\/WhatsApp-Image-2026-09-02-at-20.07.35.jpeg\",\"contentUrl\":\"https:\\\/\\\/marituba.pa.gov.br\\\/site\\\/wp-content\\\/uploads\\\/2026\\\/09\\\/WhatsApp-Image-2026-09-02-at-20.07.35.jpeg\",\"width\":1600,\"height\":1066},{\"@type\":\"WebSite\",\"@id\":\"https:\\\/\\\/marituba.pa.gov.br\\\/site\\\/#website\",\"url\":\"https:\\\/\\\/marituba.pa.gov.br\\\/site\\\/\",\"name\":\"Prefeitura Municipal de Marituba - PA | Gest\u00e3o 2025-2028\",\"description\":\"Site oficial da Prefeitura Municipal de Marituba - PA\",\"potentialAction\":[{\"@type\":\"SearchAction\",\"target\":{\"@type\":\"EntryPoint\",\"urlTemplate\":\"https:\\\/\\\/marituba.pa.gov.br\\\/site\\\/?s={search_term_string}\"},\"query-input\":{\"@type\":\"PropertyValueSpecification\",\"valueRequired\":true,\"valueName\":\"search_term_string\"}}],\"inLanguage\":\"pt-BR\"},{\"@type\":\"Person\",\"@id\":\"https:\\\/\\\/marituba.pa.gov.br\\\/site\\\/#\\\/schema\\\/person\\\/01641c6b91674b43ef06391daf008b4a\",\"name\":\"maritubaimprensa\",\"image\":{\"@type\":\"ImageObject\",\"inLanguage\":\"pt-BR\",\"@id\":\"https:\\\/\\\/secure.gravatar.com\\\/avatar\\\/757413b4d5eb4de3d532c20c347bada8f146eea4fc591b2e238b914a23a2b51b?s=96&d=mm&r=g\",\"url\":\"https:\\\/\\\/secure.gravatar.com\\\/avatar\\\/757413b4d5eb4de3d532c20c347bada8f146eea4fc591b2e238b914a23a2b51b?s=96&d=mm&r=g\",\"contentUrl\":\"https:\\\/\\\/secure.gravatar.com\\\/avatar\\\/757413b4d5eb4de3d532c20c347bada8f146eea4fc591b2e238b914a23a2b51b?s=96&d=mm&r=g\",\"caption\":\"maritubaimprensa\"},\"url\":\"https:\\\/\\\/marituba.pa.gov.br\\\/site\\\/author\\\/maritubaimprensa\\\/\"}]}<\/script>\n<!-- \/ Yoast SEO plugin. -->","yoast_head_json":{"title":"Marituba realiza mais uma edi\u00e7\u00e3o do Coruj\u00e3o da Cidadania com atendimento em hor\u00e1rio estendido - Prefeitura Municipal de Marituba - PA | Gest\u00e3o 2025-2028","robots":{"index":"index","follow":"follow","max-snippet":"max-snippet:-1","max-image-preview":"max-image-preview:large","max-video-preview":"max-video-preview:-1"},"canonical":"https:\/\/marituba.pa.gov.br\/site\/marituba-realiza-mais-uma-edicao-do-corujao-da-cidadania-com-atendimento-em-horario-estendido\/","og_locale":"pt_BR","og_type":"article","og_title":"Marituba realiza mais uma edi\u00e7\u00e3o do Coruj\u00e3o da Cidadania com atendimento em hor\u00e1rio estendido - Prefeitura Municipal de Marituba - PA | Gest\u00e3o 2025-2028","og_description":"A Prefeitura de Marituba realizou, nesta \u00faltima quarta-feira (2), mais uma edi\u00e7\u00e3o do Coruj\u00e3o da Cidadania, iniciativa que h\u00e1 um ano amplia o acesso da popula\u00e7\u00e3o aos servi\u00e7os p\u00fablicos em hor\u00e1rio estendido. Criado para atender principalmente quem trabalha durante o dia e encontra dificuldades para buscar atendimento no hor\u00e1rio convencional, o Coruj\u00e3o re\u00fane diferentes \u00e1reas","og_url":"https:\/\/marituba.pa.gov.br\/site\/marituba-realiza-mais-uma-edicao-do-corujao-da-cidadania-com-atendimento-em-horario-estendido\/","og_site_name":"Prefeitura Municipal de Marituba - PA | Gest\u00e3o 2025-2028","article_published_time":"2026-09-03T18:02:51+00:00","og_image":[{"width":1600,"height":1066,"url":"https:\/\/marituba.pa.gov.br\/site\/wp-content\/uploads\/2026\/09\/WhatsApp-Image-2026-09-02-at-20.07.35.jpeg","type":"image\/jpeg"}],"author":"maritubaimprensa","twitter_misc":{"Escrito por":"maritubaimprensa","Est. tempo de leitura":"5 minutos"},"schema":{"@context":"https:\/\/schema.org","@graph":[{"@type":"Article","@id":"https:\/\/marituba.pa.gov.br\/site\/marituba-realiza-mais-uma-edicao-do-corujao-da-cidadania-com-atendimento-em-horario-estendido\/#article","isPartOf":{"@id":"https:\/\/marituba.pa.gov.br\/site\/marituba-realiza-mais-uma-edicao-do-corujao-da-cidadania-com-atendimento-em-horario-estendido\/"},"author":{"name":"maritubaimprensa","@id":"https:\/\/marituba.pa.gov.br\/site\/#\/schema\/person\/01641c6b91674b43ef06391daf008b4a"},"headline":"Marituba realiza mais uma edi\u00e7\u00e3o do Coruj\u00e3o da Cidadania com atendimento em hor\u00e1rio estendido","datePublished":"2026-09-03T18:02:51+00:00","mainEntityOfPage":{"@id":"https:\/\/marituba.pa.gov.br\/site\/marituba-realiza-mais-uma-edicao-do-corujao-da-cidadania-com-atendimento-em-horario-estendido\/"},"wordCount":441,"image":{"@id":"https:\/\/marituba.pa.gov.br\/site\/marituba-realiza-mais-uma-edicao-do-corujao-da-cidadania-com-atendimento-em-horario-estendido\/#primaryimage"},"thumbnailUrl":"https:\/\/marituba.pa.gov.br\/site\/wp-content\/uploads\/2026\/09\/WhatsApp-Image-2026-09-02-at-20.07.35.jpeg","articleSection":["Not\u00edcias"],"inLanguage":"pt-BR"},{"@type":"WebPage","@id":"https:\/\/marituba.pa.gov.br\/site\/marituba-realiza-mais-uma-edicao-do-corujao-da-cidadania-com-atendimento-em-horario-estendido\/","url":"https:\/\/marituba.pa.gov.br\/site\/marituba-realiza-mais-uma-edicao-do-corujao-da-cidadania-com-atendimento-em-horario-estendido\/","name":"Marituba realiza mais uma edi\u00e7\u00e3o do Coruj\u00e3o da Cidadania com atendimento em hor\u00e1rio estendido - Prefeitura Municipal de Marituba - PA | Gest\u00e3o 2025-2028","isPartOf":{"@id":"https:\/\/marituba.pa.gov.br\/site\/#website"},"primaryImageOfPage":{"@id":"https:\/\/marituba.pa.gov.br\/site\/marituba-realiza-mais-uma-edicao-do-corujao-da-cidadania-com-atendimento-em-horario-estendido\/#primaryimage"},"image":{"@id":"https:\/\/marituba.pa.gov.br\/site\/marituba-realiza-mais-uma-edicao-do-corujao-da-cidadania-com-atendimento-em-horario-estendido\/#primaryimage"},"thumbnailUrl":"https:\/\/marituba.pa.gov.br\/site\/wp-content\/uploads\/2026\/09\/WhatsApp-Image-2026-09-02-at-20.07.35.jpeg","datePublished":"2026-09-03T18:02:51+00:00","author":{"@id":"https:\/\/marituba.pa.gov.br\/site\/#\/schema\/person\/01641c6b91674b43ef06391daf008b4a"},"inLanguage":"pt-BR","potentialAction":[{"@type":"ReadAction","target":["https:\/\/marituba.pa.gov.br\/site\/marituba-realiza-mais-uma-edicao-do-corujao-da-cidadania-com-atendimento-em-horario-estendido\/"]}]},{"@type":"ImageObject","inLanguage":"pt-BR","@id":"https:\/\/marituba.pa.gov.br\/site\/marituba-realiza-mais-uma-edicao-do-corujao-da-cidadania-com-atendimento-em-horario-estendido\/#primaryimage","url":"https:\/\/marituba.pa.gov.br\/site\/wp-content\/uploads\/2026\/09\/WhatsApp-Image-2026-09-02-at-20.07.35.jpeg","contentUrl":"https:\/\/marituba.pa.gov.br\/site\/wp-content\/uploads\/2026\/09\/WhatsApp-Image-2026-09-02-at-20.07.35.jpeg","width":1600,"height":1066},{"@type":"WebSite","@id":"https:\/\/marituba.pa.gov.br\/site\/#website","url":"https:\/\/marituba.pa.gov.br\/site\/","name":"Prefeitura Municipal de Marituba - PA | Gest\u00e3o 2025-2028","description":"Site oficial da Prefeitura Municipal de Marituba - PA","potentialAction":[{"@type":"SearchAction","target":{"@type":"EntryPoint","urlTemplate":"https:\/\/marituba.pa.gov.br\/site\/?s={search_term_string}"},"query-input":{"@type":"PropertyValueSpecification","valueRequired":true,"valueName":"search_term_string"}}],"inLanguage":"pt-BR"},{"@type":"Person","@id":"https:\/\/marituba.pa.gov.br\/site\/#\/schema\/person\/01641c6b91674b43ef06391daf008b4a","name":"maritubaimprensa","image":{"@type":"ImageObject","inLanguage":"pt-BR","@id":"https:\/\/secure.gravatar.com\/avatar\/757413b4d5eb4de3d532c20c347bada8f146eea4fc591b2e238b914a23a2b51b?s=96&d=mm&r=g","url":"https:\/\/secure.gravatar.com\/avatar\/757413b4d5eb4de3d532c20c347bada8f146eea4fc591b2e238b914a23a2b51b?s=96&d=mm&r=g","contentUrl":"https:\/\/secure.gravatar.com\/avatar\/757413b4d5eb4de3d532c20c347bada8f146eea4fc591b2e238b914a23a2b51b?s=96&d=mm&r=g","caption":"maritubaimprensa"},"url":"https:\/\/marituba.pa.gov.br\/site\/author\/maritubaimprensa\/"}]}},"_links":{"self":[{"href":"https:\/\/marituba.pa.gov.br\/site\/wp-json\/wp\/v2\/posts\/75659","targetHints":{"allow":["GET"]}}],"collection":[{"href":"https:\/\/marituba.pa.gov.br\/site\/wp-json\/wp\/v2\/posts"}],"about":[{"href":"https:\/\/marituba.pa.gov.br\/site\/wp-json\/wp\/v2\/types\/post"}],"author":[{"embeddable":true,"href":"https:\/\/marituba.pa.gov.br\/site\/wp-json\/wp\/v2\/users\/25"}],"replies":[{"embeddable":true,"href":"https:\/\/marituba.pa.gov.br\/site\/wp-json\/wp\/v2\/comments?post=75659"}],"version-history":[{"count":1,"href":"https:\/\/marituba.pa.gov.br\/site\/wp-json\/wp\/v2\/posts\/75659\/revisions"}],"predecessor-version":[{"id":75676,"href":"https:\/\/marituba.pa.gov.br\/site\/wp-json\/wp\/v2\/posts\/75659\/revisions\/75676"}],"wp:featuredmedia":[{"embeddable":true,"href":"https:\/\/marituba.pa.gov.br\/site\/wp-json\/wp\/v2\/media\/75660"}],"wp:attachment":[{"href":"https:\/\/marituba.pa.gov.br\/site\/wp-json\/wp\/v2\/media?parent=75659"}],"wp:term":[{"taxonomy":"category","embeddable":true,"href":"https:\/\/marituba.pa.gov.br\/site\/wp-json\/wp\/v2\/categories?post=75659"},{"taxonomy":"post_tag","embeddable":true,"href":"https:\/\/marituba.pa.gov.br\/site\/wp-json\/wp\/v2\/tags?post=75659"}],"curies":[{"name":"wp","href":"https:\/\/api.w.org\/{rel}","templated":true}]}}