{"id":75631,"date":"2026-08-31T15:46:51","date_gmt":"2026-08-31T18:46:51","guid":{"rendered":"https:\/\/marituba.pa.gov.br\/site\/?p=75631"},"modified":"2026-08-31T15:46:51","modified_gmt":"2026-08-31T18:46:51","slug":"marituba-realiza-dia-d-da-campanha-de-multivacinacao","status":"publish","type":"post","link":"https:\/\/marituba.pa.gov.br\/site\/marituba-realiza-dia-d-da-campanha-de-multivacinacao\/","title":{"rendered":"Marituba realiza Dia D da Campanha de Multivacina\u00e7\u00e3o"},"content":{"rendered":"<p>A Prefeitura de Marituba, por meio da Secretaria Municipal de Sa\u00fade (Sesau), realizou, no \u00faltimo s\u00e1bado (29), o Dia D da Campanha Nacional de Multivacina\u00e7\u00e3o. A mobiliza\u00e7\u00e3o teve como objetivo ampliar a cobertura vacinal e incentivar pais e respons\u00e1veis a manterem atualizada a caderneta de vacina\u00e7\u00e3o de crian\u00e7as e adolescentes menores de 15 anos.<\/p>\n<figure id=\"attachment_75636\" aria-describedby=\"caption-attachment-75636\" style=\"width: 300px\" class=\"wp-caption alignleft\"><a href=\"https:\/\/marituba.pa.gov.br\/site\/wp-content\/uploads\/2026\/08\/WhatsApp-Image-2026-08-31-at-15.29.20-1.jpeg\"><img fetchpriority=\"high\" decoding=\"async\" class=\"wp-image-75636 size-medium\" src=\"https:\/\/marituba.pa.gov.br\/site\/wp-content\/uploads\/2026\/08\/WhatsApp-Image-2026-08-31-at-15.29.20-1-e1788201919738-300x223.jpeg\" alt=\"\" width=\"300\" height=\"223\" srcset=\"https:\/\/marituba.pa.gov.br\/site\/wp-content\/uploads\/2026\/08\/WhatsApp-Image-2026-08-31-at-15.29.20-1-e1788201919738-300x223.jpeg 300w, https:\/\/marituba.pa.gov.br\/site\/wp-content\/uploads\/2026\/08\/WhatsApp-Image-2026-08-31-at-15.29.20-1-e1788201919738-1024x759.jpeg 1024w, https:\/\/marituba.pa.gov.br\/site\/wp-content\/uploads\/2026\/08\/WhatsApp-Image-2026-08-31-at-15.29.20-1-e1788201919738-768x570.jpeg 768w, https:\/\/marituba.pa.gov.br\/site\/wp-content\/uploads\/2026\/08\/WhatsApp-Image-2026-08-31-at-15.29.20-1-e1788201919738-150x111.jpeg 150w, https:\/\/marituba.pa.gov.br\/site\/wp-content\/uploads\/2026\/08\/WhatsApp-Image-2026-08-31-at-15.29.20-1-e1788201919738-450x334.jpeg 450w, https:\/\/marituba.pa.gov.br\/site\/wp-content\/uploads\/2026\/08\/WhatsApp-Image-2026-08-31-at-15.29.20-1-e1788201919738.jpeg 1200w\" sizes=\"(max-width: 300px) 100vw, 300px\" \/><\/a><figcaption id=\"caption-attachment-75636\" class=\"wp-caption-text\">A campanha segue at\u00e9 1\u00ba de setembro<\/figcaption><\/figure>\n<p>Somente durante o Dia D, 911 doses de vacinas foram aplicadas no munic\u00edpio, resultado da mobiliza\u00e7\u00e3o das equipes de sa\u00fade e da participa\u00e7\u00e3o das fam\u00edlias que compareceram \u00e0s unidades de vacina\u00e7\u00e3o. At\u00e9 o momento, durante toda a campanha, j\u00e1 foram imuizadas mais de 3 mil pessoas.<\/p>\n<p>A campanha, que segue at\u00e9 1\u00ba de setembro, permite a avalia\u00e7\u00e3o da situa\u00e7\u00e3o vacinal e a aplica\u00e7\u00e3o das doses necess\u00e1rias de acordo com a faixa et\u00e1ria, o hist\u00f3rico de vacina\u00e7\u00e3o e as indica\u00e7\u00f5es previstas no Calend\u00e1rio Nacional de Vacina\u00e7\u00e3o.<\/p>\n<p>Entre os imunizantes que podem ser aplicados est\u00e3o as vacinas BCG, hepatite B, pentavalente, poliomielite inativada (VIP), rotav\u00edrus, pneumoc\u00f3cicas 10 e 20-valentes, meningoc\u00f3cica C, influenza, Covid-19, febre amarela, meningoc\u00f3cica ACWY, tr\u00edplice viral, varicela, DTP, hepatite A, pneumoc\u00f3cica 23-valente, dT, HPV e dengue, conforme as recomenda\u00e7\u00f5es para cada p\u00fablico.<\/p>\n<p>A coordenadora de Imuniza\u00e7\u00e3o da Sesau destacou que a vacina\u00e7\u00e3o \u00e9 uma das principais estrat\u00e9gias de preven\u00e7\u00e3o e prote\u00e7\u00e3o da popula\u00e7\u00e3o. \u201cA vacina\u00e7\u00e3o \u00e9 uma das principais formas de preven\u00e7\u00e3o e prote\u00e7\u00e3o da nossa popula\u00e7\u00e3o. Manter a caderneta vacinal atualizada \u00e9 um ato de cuidado individual e coletivo.\u201d, destacou.<\/p>\n<p>A profissional tamb\u00e9m ressaltou o empenho das equipes que participaram da mobiliza\u00e7\u00e3o. Segundo ela, o resultado alcan\u00e7ado \u00e9 fruto do trabalho conjunto dos profissionais envolvidos na organiza\u00e7\u00e3o e no atendimento \u00e0 popula\u00e7\u00e3o. \u201cQuero agradecer imensamente a cada profissional que se empenhou para que esse dia acontecesse da melhor forma poss\u00edvel. Cada dose aplicada, cada caderneta avaliada e cada orienta\u00e7\u00e3o repassada fazem a diferen\u00e7a na sa\u00fade da nossa popula\u00e7\u00e3o\u201d, disse.<\/p>\n<p><a href=\"https:\/\/marituba.pa.gov.br\/site\/wp-content\/uploads\/2026\/08\/WhatsApp-Image-2026-08-31-at-15.29.20.jpeg\"><img decoding=\"async\" class=\"alignleft wp-image-75637 size-medium\" src=\"https:\/\/marituba.pa.gov.br\/site\/wp-content\/uploads\/2026\/08\/WhatsApp-Image-2026-08-31-at-15.29.20-e1788201862199-300x221.jpeg\" alt=\"\" width=\"300\" height=\"221\" srcset=\"https:\/\/marituba.pa.gov.br\/site\/wp-content\/uploads\/2026\/08\/WhatsApp-Image-2026-08-31-at-15.29.20-e1788201862199-300x221.jpeg 300w, https:\/\/marituba.pa.gov.br\/site\/wp-content\/uploads\/2026\/08\/WhatsApp-Image-2026-08-31-at-15.29.20-e1788201862199-1024x753.jpeg 1024w, https:\/\/marituba.pa.gov.br\/site\/wp-content\/uploads\/2026\/08\/WhatsApp-Image-2026-08-31-at-15.29.20-e1788201862199-768x565.jpeg 768w, https:\/\/marituba.pa.gov.br\/site\/wp-content\/uploads\/2026\/08\/WhatsApp-Image-2026-08-31-at-15.29.20-e1788201862199-150x110.jpeg 150w, https:\/\/marituba.pa.gov.br\/site\/wp-content\/uploads\/2026\/08\/WhatsApp-Image-2026-08-31-at-15.29.20-e1788201862199-450x331.jpeg 450w, https:\/\/marituba.pa.gov.br\/site\/wp-content\/uploads\/2026\/08\/WhatsApp-Image-2026-08-31-at-15.29.20-e1788201862199.jpeg 1200w\" sizes=\"(max-width: 300px) 100vw, 300px\" \/><\/a>Mesmo ap\u00f3s o Dia D, a popula\u00e7\u00e3o ainda pode participar da Campanha de Multivacina\u00e7\u00e3o. Pais e respons\u00e1veis por crian\u00e7as e adolescentes menores de 15 anos devem procurar uma unidade de sa\u00fade at\u00e9 esta ter\u00e7a-feira (1\u00ba<strong>)<\/strong>, levando a caderneta de vacina\u00e7\u00e3o, para que a equipe possa verificar as doses j\u00e1 recebidas e identificar poss\u00edveis.<\/p>\n<p>Secretaria de Comunica\u00e7\u00e3o de Marituba<\/p>\n<p>Fotos: Divulga\u00e7\u00e3o<\/p>\n","protected":false},"excerpt":{"rendered":"<p>A Prefeitura de Marituba, por meio da Secretaria Municipal de Sa\u00fade (Sesau), realizou, no \u00faltimo s\u00e1bado (29), o Dia D da Campanha Nacional de Multivacina\u00e7\u00e3o. A mobiliza\u00e7\u00e3o teve como objetivo ampliar a cobertura vacinal e incentivar pais e respons\u00e1veis a manterem atualizada a caderneta de vacina\u00e7\u00e3o de crian\u00e7as e adolescentes menores de 15 anos. Somente<\/p>\n","protected":false},"author":25,"featured_media":75635,"comment_status":"closed","ping_status":"closed","sticky":false,"template":"","format":"standard","meta":{"footnotes":""},"categories":[1],"tags":[],"class_list":["post-75631","post","type-post","status-publish","format-standard","has-post-thumbnail","category-noticias"],"yoast_head":"<!-- This site is optimized with the Yoast SEO plugin v28.1 - https:\/\/yoast.com\/product\/yoast-seo-wordpress\/ -->\n<title>Marituba realiza Dia D da Campanha de Multivacina\u00e7\u00e3o - Prefeitura Municipal de Marituba - PA | Gest\u00e3o 2025-2028<\/title>\n<meta name=\"robots\" content=\"index, follow, max-snippet:-1, max-image-preview:large, max-video-preview:-1\" \/>\n<link rel=\"canonical\" href=\"https:\/\/marituba.pa.gov.br\/site\/marituba-realiza-dia-d-da-campanha-de-multivacinacao\/\" \/>\n<meta property=\"og:locale\" content=\"pt_BR\" \/>\n<meta property=\"og:type\" content=\"article\" \/>\n<meta property=\"og:title\" content=\"Marituba realiza Dia D da Campanha de Multivacina\u00e7\u00e3o - Prefeitura Municipal de Marituba - PA | Gest\u00e3o 2025-2028\" \/>\n<meta property=\"og:description\" content=\"A Prefeitura de Marituba, por meio da Secretaria Municipal de Sa\u00fade (Sesau), realizou, no \u00faltimo s\u00e1bado (29), o Dia D da Campanha Nacional de Multivacina\u00e7\u00e3o. A mobiliza\u00e7\u00e3o teve como objetivo ampliar a cobertura vacinal e incentivar pais e respons\u00e1veis a manterem atualizada a caderneta de vacina\u00e7\u00e3o de crian\u00e7as e adolescentes menores de 15 anos. Somente\" \/>\n<meta property=\"og:url\" content=\"https:\/\/marituba.pa.gov.br\/site\/marituba-realiza-dia-d-da-campanha-de-multivacinacao\/\" \/>\n<meta property=\"og:site_name\" content=\"Prefeitura Municipal de Marituba - PA | Gest\u00e3o 2025-2028\" \/>\n<meta property=\"article:published_time\" content=\"2026-08-31T18:46:51+00:00\" \/>\n<meta property=\"og:image\" content=\"https:\/\/marituba.pa.gov.br\/site\/wp-content\/uploads\/2026\/08\/SaveClip.App_788961986_18361146313245030_7669860954739513173_n-scaled.jpg\" \/>\n\t<meta property=\"og:image:width\" content=\"2560\" \/>\n\t<meta property=\"og:image:height\" content=\"1920\" \/>\n\t<meta property=\"og:image:type\" content=\"image\/jpeg\" \/>\n<meta name=\"author\" content=\"maritubaimprensa\" \/>\n<meta name=\"twitter:label1\" content=\"Escrito por\" \/>\n\t<meta name=\"twitter:data1\" content=\"maritubaimprensa\" \/>\n\t<meta name=\"twitter:label2\" content=\"Est. tempo de leitura\" \/>\n\t<meta name=\"twitter:data2\" content=\"3 minutos\" \/>\n<script type=\"application\/ld+json\" class=\"yoast-schema-graph\">{\"@context\":\"https:\\\/\\\/schema.org\",\"@graph\":[{\"@type\":\"Article\",\"@id\":\"https:\\\/\\\/marituba.pa.gov.br\\\/site\\\/marituba-realiza-dia-d-da-campanha-de-multivacinacao\\\/#article\",\"isPartOf\":{\"@id\":\"https:\\\/\\\/marituba.pa.gov.br\\\/site\\\/marituba-realiza-dia-d-da-campanha-de-multivacinacao\\\/\"},\"author\":{\"name\":\"maritubaimprensa\",\"@id\":\"https:\\\/\\\/marituba.pa.gov.br\\\/site\\\/#\\\/schema\\\/person\\\/01641c6b91674b43ef06391daf008b4a\"},\"headline\":\"Marituba realiza Dia D da Campanha de Multivacina\u00e7\u00e3o\",\"datePublished\":\"2026-08-31T18:46:51+00:00\",\"mainEntityOfPage\":{\"@id\":\"https:\\\/\\\/marituba.pa.gov.br\\\/site\\\/marituba-realiza-dia-d-da-campanha-de-multivacinacao\\\/\"},\"wordCount\":437,\"image\":{\"@id\":\"https:\\\/\\\/marituba.pa.gov.br\\\/site\\\/marituba-realiza-dia-d-da-campanha-de-multivacinacao\\\/#primaryimage\"},\"thumbnailUrl\":\"https:\\\/\\\/marituba.pa.gov.br\\\/site\\\/wp-content\\\/uploads\\\/2026\\\/08\\\/SaveClip.App_788961986_18361146313245030_7669860954739513173_n-scaled.jpg\",\"articleSection\":[\"Not\u00edcias\"],\"inLanguage\":\"pt-BR\"},{\"@type\":\"WebPage\",\"@id\":\"https:\\\/\\\/marituba.pa.gov.br\\\/site\\\/marituba-realiza-dia-d-da-campanha-de-multivacinacao\\\/\",\"url\":\"https:\\\/\\\/marituba.pa.gov.br\\\/site\\\/marituba-realiza-dia-d-da-campanha-de-multivacinacao\\\/\",\"name\":\"Marituba realiza Dia D da Campanha de Multivacina\u00e7\u00e3o - Prefeitura Municipal de Marituba - PA | Gest\u00e3o 2025-2028\",\"isPartOf\":{\"@id\":\"https:\\\/\\\/marituba.pa.gov.br\\\/site\\\/#website\"},\"primaryImageOfPage\":{\"@id\":\"https:\\\/\\\/marituba.pa.gov.br\\\/site\\\/marituba-realiza-dia-d-da-campanha-de-multivacinacao\\\/#primaryimage\"},\"image\":{\"@id\":\"https:\\\/\\\/marituba.pa.gov.br\\\/site\\\/marituba-realiza-dia-d-da-campanha-de-multivacinacao\\\/#primaryimage\"},\"thumbnailUrl\":\"https:\\\/\\\/marituba.pa.gov.br\\\/site\\\/wp-content\\\/uploads\\\/2026\\\/08\\\/SaveClip.App_788961986_18361146313245030_7669860954739513173_n-scaled.jpg\",\"datePublished\":\"2026-08-31T18:46:51+00:00\",\"author\":{\"@id\":\"https:\\\/\\\/marituba.pa.gov.br\\\/site\\\/#\\\/schema\\\/person\\\/01641c6b91674b43ef06391daf008b4a\"},\"inLanguage\":\"pt-BR\",\"potentialAction\":[{\"@type\":\"ReadAction\",\"target\":[\"https:\\\/\\\/marituba.pa.gov.br\\\/site\\\/marituba-realiza-dia-d-da-campanha-de-multivacinacao\\\/\"]}]},{\"@type\":\"ImageObject\",\"inLanguage\":\"pt-BR\",\"@id\":\"https:\\\/\\\/marituba.pa.gov.br\\\/site\\\/marituba-realiza-dia-d-da-campanha-de-multivacinacao\\\/#primaryimage\",\"url\":\"https:\\\/\\\/marituba.pa.gov.br\\\/site\\\/wp-content\\\/uploads\\\/2026\\\/08\\\/SaveClip.App_788961986_18361146313245030_7669860954739513173_n-scaled.jpg\",\"contentUrl\":\"https:\\\/\\\/marituba.pa.gov.br\\\/site\\\/wp-content\\\/uploads\\\/2026\\\/08\\\/SaveClip.App_788961986_18361146313245030_7669860954739513173_n-scaled.jpg\",\"width\":2560,\"height\":1920},{\"@type\":\"WebSite\",\"@id\":\"https:\\\/\\\/marituba.pa.gov.br\\\/site\\\/#website\",\"url\":\"https:\\\/\\\/marituba.pa.gov.br\\\/site\\\/\",\"name\":\"Prefeitura Municipal de Marituba - PA | Gest\u00e3o 2025-2028\",\"description\":\"Site oficial da Prefeitura Municipal de Marituba - PA\",\"potentialAction\":[{\"@type\":\"SearchAction\",\"target\":{\"@type\":\"EntryPoint\",\"urlTemplate\":\"https:\\\/\\\/marituba.pa.gov.br\\\/site\\\/?s={search_term_string}\"},\"query-input\":{\"@type\":\"PropertyValueSpecification\",\"valueRequired\":true,\"valueName\":\"search_term_string\"}}],\"inLanguage\":\"pt-BR\"},{\"@type\":\"Person\",\"@id\":\"https:\\\/\\\/marituba.pa.gov.br\\\/site\\\/#\\\/schema\\\/person\\\/01641c6b91674b43ef06391daf008b4a\",\"name\":\"maritubaimprensa\",\"image\":{\"@type\":\"ImageObject\",\"inLanguage\":\"pt-BR\",\"@id\":\"https:\\\/\\\/secure.gravatar.com\\\/avatar\\\/757413b4d5eb4de3d532c20c347bada8f146eea4fc591b2e238b914a23a2b51b?s=96&d=mm&r=g\",\"url\":\"https:\\\/\\\/secure.gravatar.com\\\/avatar\\\/757413b4d5eb4de3d532c20c347bada8f146eea4fc591b2e238b914a23a2b51b?s=96&d=mm&r=g\",\"contentUrl\":\"https:\\\/\\\/secure.gravatar.com\\\/avatar\\\/757413b4d5eb4de3d532c20c347bada8f146eea4fc591b2e238b914a23a2b51b?s=96&d=mm&r=g\",\"caption\":\"maritubaimprensa\"},\"url\":\"https:\\\/\\\/marituba.pa.gov.br\\\/site\\\/author\\\/maritubaimprensa\\\/\"}]}<\/script>\n<!-- \/ Yoast SEO plugin. -->","yoast_head_json":{"title":"Marituba realiza Dia D da Campanha de Multivacina\u00e7\u00e3o - Prefeitura Municipal de Marituba - PA | Gest\u00e3o 2025-2028","robots":{"index":"index","follow":"follow","max-snippet":"max-snippet:-1","max-image-preview":"max-image-preview:large","max-video-preview":"max-video-preview:-1"},"canonical":"https:\/\/marituba.pa.gov.br\/site\/marituba-realiza-dia-d-da-campanha-de-multivacinacao\/","og_locale":"pt_BR","og_type":"article","og_title":"Marituba realiza Dia D da Campanha de Multivacina\u00e7\u00e3o - Prefeitura Municipal de Marituba - PA | Gest\u00e3o 2025-2028","og_description":"A Prefeitura de Marituba, por meio da Secretaria Municipal de Sa\u00fade (Sesau), realizou, no \u00faltimo s\u00e1bado (29), o Dia D da Campanha Nacional de Multivacina\u00e7\u00e3o. A mobiliza\u00e7\u00e3o teve como objetivo ampliar a cobertura vacinal e incentivar pais e respons\u00e1veis a manterem atualizada a caderneta de vacina\u00e7\u00e3o de crian\u00e7as e adolescentes menores de 15 anos. Somente","og_url":"https:\/\/marituba.pa.gov.br\/site\/marituba-realiza-dia-d-da-campanha-de-multivacinacao\/","og_site_name":"Prefeitura Municipal de Marituba - PA | Gest\u00e3o 2025-2028","article_published_time":"2026-08-31T18:46:51+00:00","og_image":[{"width":2560,"height":1920,"url":"https:\/\/marituba.pa.gov.br\/site\/wp-content\/uploads\/2026\/08\/SaveClip.App_788961986_18361146313245030_7669860954739513173_n-scaled.jpg","type":"image\/jpeg"}],"author":"maritubaimprensa","twitter_misc":{"Escrito por":"maritubaimprensa","Est. tempo de leitura":"3 minutos"},"schema":{"@context":"https:\/\/schema.org","@graph":[{"@type":"Article","@id":"https:\/\/marituba.pa.gov.br\/site\/marituba-realiza-dia-d-da-campanha-de-multivacinacao\/#article","isPartOf":{"@id":"https:\/\/marituba.pa.gov.br\/site\/marituba-realiza-dia-d-da-campanha-de-multivacinacao\/"},"author":{"name":"maritubaimprensa","@id":"https:\/\/marituba.pa.gov.br\/site\/#\/schema\/person\/01641c6b91674b43ef06391daf008b4a"},"headline":"Marituba realiza Dia D da Campanha de Multivacina\u00e7\u00e3o","datePublished":"2026-08-31T18:46:51+00:00","mainEntityOfPage":{"@id":"https:\/\/marituba.pa.gov.br\/site\/marituba-realiza-dia-d-da-campanha-de-multivacinacao\/"},"wordCount":437,"image":{"@id":"https:\/\/marituba.pa.gov.br\/site\/marituba-realiza-dia-d-da-campanha-de-multivacinacao\/#primaryimage"},"thumbnailUrl":"https:\/\/marituba.pa.gov.br\/site\/wp-content\/uploads\/2026\/08\/SaveClip.App_788961986_18361146313245030_7669860954739513173_n-scaled.jpg","articleSection":["Not\u00edcias"],"inLanguage":"pt-BR"},{"@type":"WebPage","@id":"https:\/\/marituba.pa.gov.br\/site\/marituba-realiza-dia-d-da-campanha-de-multivacinacao\/","url":"https:\/\/marituba.pa.gov.br\/site\/marituba-realiza-dia-d-da-campanha-de-multivacinacao\/","name":"Marituba realiza Dia D da Campanha de Multivacina\u00e7\u00e3o - Prefeitura Municipal de Marituba - PA | Gest\u00e3o 2025-2028","isPartOf":{"@id":"https:\/\/marituba.pa.gov.br\/site\/#website"},"primaryImageOfPage":{"@id":"https:\/\/marituba.pa.gov.br\/site\/marituba-realiza-dia-d-da-campanha-de-multivacinacao\/#primaryimage"},"image":{"@id":"https:\/\/marituba.pa.gov.br\/site\/marituba-realiza-dia-d-da-campanha-de-multivacinacao\/#primaryimage"},"thumbnailUrl":"https:\/\/marituba.pa.gov.br\/site\/wp-content\/uploads\/2026\/08\/SaveClip.App_788961986_18361146313245030_7669860954739513173_n-scaled.jpg","datePublished":"2026-08-31T18:46:51+00:00","author":{"@id":"https:\/\/marituba.pa.gov.br\/site\/#\/schema\/person\/01641c6b91674b43ef06391daf008b4a"},"inLanguage":"pt-BR","potentialAction":[{"@type":"ReadAction","target":["https:\/\/marituba.pa.gov.br\/site\/marituba-realiza-dia-d-da-campanha-de-multivacinacao\/"]}]},{"@type":"ImageObject","inLanguage":"pt-BR","@id":"https:\/\/marituba.pa.gov.br\/site\/marituba-realiza-dia-d-da-campanha-de-multivacinacao\/#primaryimage","url":"https:\/\/marituba.pa.gov.br\/site\/wp-content\/uploads\/2026\/08\/SaveClip.App_788961986_18361146313245030_7669860954739513173_n-scaled.jpg","contentUrl":"https:\/\/marituba.pa.gov.br\/site\/wp-content\/uploads\/2026\/08\/SaveClip.App_788961986_18361146313245030_7669860954739513173_n-scaled.jpg","width":2560,"height":1920},{"@type":"WebSite","@id":"https:\/\/marituba.pa.gov.br\/site\/#website","url":"https:\/\/marituba.pa.gov.br\/site\/","name":"Prefeitura Municipal de Marituba - PA | Gest\u00e3o 2025-2028","description":"Site oficial da Prefeitura Municipal de Marituba - PA","potentialAction":[{"@type":"SearchAction","target":{"@type":"EntryPoint","urlTemplate":"https:\/\/marituba.pa.gov.br\/site\/?s={search_term_string}"},"query-input":{"@type":"PropertyValueSpecification","valueRequired":true,"valueName":"search_term_string"}}],"inLanguage":"pt-BR"},{"@type":"Person","@id":"https:\/\/marituba.pa.gov.br\/site\/#\/schema\/person\/01641c6b91674b43ef06391daf008b4a","name":"maritubaimprensa","image":{"@type":"ImageObject","inLanguage":"pt-BR","@id":"https:\/\/secure.gravatar.com\/avatar\/757413b4d5eb4de3d532c20c347bada8f146eea4fc591b2e238b914a23a2b51b?s=96&d=mm&r=g","url":"https:\/\/secure.gravatar.com\/avatar\/757413b4d5eb4de3d532c20c347bada8f146eea4fc591b2e238b914a23a2b51b?s=96&d=mm&r=g","contentUrl":"https:\/\/secure.gravatar.com\/avatar\/757413b4d5eb4de3d532c20c347bada8f146eea4fc591b2e238b914a23a2b51b?s=96&d=mm&r=g","caption":"maritubaimprensa"},"url":"https:\/\/marituba.pa.gov.br\/site\/author\/maritubaimprensa\/"}]}},"_links":{"self":[{"href":"https:\/\/marituba.pa.gov.br\/site\/wp-json\/wp\/v2\/posts\/75631","targetHints":{"allow":["GET"]}}],"collection":[{"href":"https:\/\/marituba.pa.gov.br\/site\/wp-json\/wp\/v2\/posts"}],"about":[{"href":"https:\/\/marituba.pa.gov.br\/site\/wp-json\/wp\/v2\/types\/post"}],"author":[{"embeddable":true,"href":"https:\/\/marituba.pa.gov.br\/site\/wp-json\/wp\/v2\/users\/25"}],"replies":[{"embeddable":true,"href":"https:\/\/marituba.pa.gov.br\/site\/wp-json\/wp\/v2\/comments?post=75631"}],"version-history":[{"count":1,"href":"https:\/\/marituba.pa.gov.br\/site\/wp-json\/wp\/v2\/posts\/75631\/revisions"}],"predecessor-version":[{"id":75639,"href":"https:\/\/marituba.pa.gov.br\/site\/wp-json\/wp\/v2\/posts\/75631\/revisions\/75639"}],"wp:featuredmedia":[{"embeddable":true,"href":"https:\/\/marituba.pa.gov.br\/site\/wp-json\/wp\/v2\/media\/75635"}],"wp:attachment":[{"href":"https:\/\/marituba.pa.gov.br\/site\/wp-json\/wp\/v2\/media?parent=75631"}],"wp:term":[{"taxonomy":"category","embeddable":true,"href":"https:\/\/marituba.pa.gov.br\/site\/wp-json\/wp\/v2\/categories?post=75631"},{"taxonomy":"post_tag","embeddable":true,"href":"https:\/\/marituba.pa.gov.br\/site\/wp-json\/wp\/v2\/tags?post=75631"}],"curies":[{"name":"wp","href":"https:\/\/api.w.org\/{rel}","templated":true}]}}