{"id":75628,"date":"2026-08-31T15:56:11","date_gmt":"2026-08-31T18:56:11","guid":{"rendered":"https:\/\/marituba.pa.gov.br\/site\/?p=75628"},"modified":"2026-08-31T15:56:11","modified_gmt":"2026-08-31T18:56:11","slug":"marituba-promove-acao-do-agosto-dourado-com-servicos-voltados-a-primeira-infancia","status":"publish","type":"post","link":"https:\/\/marituba.pa.gov.br\/site\/marituba-promove-acao-do-agosto-dourado-com-servicos-voltados-a-primeira-infancia\/","title":{"rendered":"Marituba promove a\u00e7\u00e3o do Agosto Dourado com servi\u00e7os voltados \u00e0 primeira inf\u00e2ncia"},"content":{"rendered":"<p class=\"isSelectedEnd\">A Prefeitura de Marituba realizou, no \u00faltimo s\u00e1bado (29), uma a\u00e7\u00e3o especial em alus\u00e3o ao Agosto Dourado, com programa\u00e7\u00e3o voltada \u00e0 primeira inf\u00e2ncia, \u00e0s gestantes e suas fam\u00edlias. A iniciativa reuniu diferentes secretarias municipais em uma manh\u00e3 de servi\u00e7os, atividades e orienta\u00e7\u00f5es, refor\u00e7ando a import\u00e2ncia do cuidado e da aten\u00e7\u00e3o integral desde os primeiros anos de vida.<\/p>\n<p class=\"isSelectedEnd\">A programa\u00e7\u00e3o foi pensada para atender gestantes e crian\u00e7as de 0 a 6 anos, al\u00e9m de seus familiares, reunindo servi\u00e7os das \u00e1reas de assist\u00eancia social, sa\u00fade, educa\u00e7\u00e3o, esporte, cultura e lazer.<\/p>\n<p class=\"isSelectedEnd\">Por meio da Secretaria Municipal de Assist\u00eancia Social (SEMASC), foram disponibilizados servi\u00e7os do Servi\u00e7o de Conviv\u00eancia e Fortalecimento de V\u00ednculos (SCFV), Servi\u00e7o Primeira Inf\u00e2ncia, Cadastro \u00danico, Bolsa Fam\u00edlia, atendimentos socioassistenciais do PAEFI e PAIF, al\u00e9m da entrega de kit enxoval para gestantes acompanhadas pela rede de assist\u00eancia.<\/p>\n<p class=\"isSelectedEnd\">Al\u00e9m dos servi\u00e7os, as m\u00e3es atendidas pelos CRAS do munic\u00edpio participaram de um momento especial de fotografia em est\u00fadio com seus beb\u00eas. As imagens ser\u00e3o disponibilizadas posteriormente \u00e0s fam\u00edlias como registro desse momento.<\/p>\n<p class=\"isSelectedEnd\">A programa\u00e7\u00e3o reuniu diferentes \u00e1reas da administra\u00e7\u00e3o municipal. As secretarias de Esporte, Lazer e Turismo (SEMELTUR), Sa\u00fade (SESAU), Educa\u00e7\u00e3o (SEMED) e Cultura (SECULT) estiveram presentes com atividades, atendimentos e a\u00e7\u00f5es voltadas ao bem-estar, desenvolvimento e lazer das crian\u00e7as, gestantes e fam\u00edlias participantes.<\/p>\n<figure id=\"attachment_75630\" aria-describedby=\"caption-attachment-75630\" style=\"width: 300px\" class=\"wp-caption alignleft\"><a href=\"https:\/\/marituba.pa.gov.br\/site\/wp-content\/uploads\/2026\/08\/WhatsApp-Image-2026-08-29-at-13.19.19.jpeg\"><img fetchpriority=\"high\" decoding=\"async\" class=\"wp-image-75630 size-medium\" src=\"https:\/\/marituba.pa.gov.br\/site\/wp-content\/uploads\/2026\/08\/WhatsApp-Image-2026-08-29-at-13.19.19-300x200.jpeg\" alt=\"\" width=\"300\" height=\"200\" srcset=\"https:\/\/marituba.pa.gov.br\/site\/wp-content\/uploads\/2026\/08\/WhatsApp-Image-2026-08-29-at-13.19.19-300x200.jpeg 300w, https:\/\/marituba.pa.gov.br\/site\/wp-content\/uploads\/2026\/08\/WhatsApp-Image-2026-08-29-at-13.19.19-1024x682.jpeg 1024w, https:\/\/marituba.pa.gov.br\/site\/wp-content\/uploads\/2026\/08\/WhatsApp-Image-2026-08-29-at-13.19.19-768x512.jpeg 768w, https:\/\/marituba.pa.gov.br\/site\/wp-content\/uploads\/2026\/08\/WhatsApp-Image-2026-08-29-at-13.19.19-1536x1023.jpeg 1536w, https:\/\/marituba.pa.gov.br\/site\/wp-content\/uploads\/2026\/08\/WhatsApp-Image-2026-08-29-at-13.19.19-150x100.jpeg 150w, https:\/\/marituba.pa.gov.br\/site\/wp-content\/uploads\/2026\/08\/WhatsApp-Image-2026-08-29-at-13.19.19-450x300.jpeg 450w, https:\/\/marituba.pa.gov.br\/site\/wp-content\/uploads\/2026\/08\/WhatsApp-Image-2026-08-29-at-13.19.19-1200x800.jpeg 1200w, https:\/\/marituba.pa.gov.br\/site\/wp-content\/uploads\/2026\/08\/WhatsApp-Image-2026-08-29-at-13.19.19.jpeg 1600w\" sizes=\"(max-width: 300px) 100vw, 300px\" \/><\/a><figcaption id=\"caption-attachment-75630\" class=\"wp-caption-text\">J\u00e2nio Marinho, secret\u00e1rio municipal de Assist\u00eancia Social.<\/figcaption><\/figure>\n<p class=\"isSelectedEnd\">Para o secret\u00e1rio municipal de Assist\u00eancia Social, J\u00e2nio Marinho, a iniciativa foi planejada a partir da compreens\u00e3o de que a aten\u00e7\u00e3o \u00e0 primeira inf\u00e2ncia deve envolver diferentes \u00e1reas da administra\u00e7\u00e3o p\u00fablica. \u201cO Agosto Dourado \u00e9 alusivo \u00e0 primeira inf\u00e2ncia, que compreende de 0 a 6 anos, mas tamb\u00e9m envolve as gestantes e suas fam\u00edlias. Ent\u00e3o, a nossa meta de atendimento s\u00e3o gestantes, crian\u00e7as de 0 a 6 anos e tamb\u00e9m suas fam\u00edlias\u201d, explicou.<\/p>\n<p class=\"isSelectedEnd\">Segundo o secret\u00e1rio, a proposta foi reunir as secretarias para mostrar que as pol\u00edticas voltadas \u00e0 primeira inf\u00e2ncia n\u00e3o s\u00e3o responsabilidade exclusiva da Assist\u00eancia Social. \u201cA gente pensou em um evento onde reunisse as secretarias, mostrando que a primeira inf\u00e2ncia n\u00e3o \u00e9 uma atribui\u00e7\u00e3o apenas da Secretaria de Assist\u00eancia Social, ela \u00e9 uma atribui\u00e7\u00e3o de todas as outras secretarias\u201d, destacou J\u00e2nio.<\/p>\n<p class=\"isSelectedEnd\">A integra\u00e7\u00e3o tamb\u00e9m permitiu ampliar a programa\u00e7\u00e3o e otimizar os recursos p\u00fablicos, conforme explicou o secret\u00e1rio. \u201cA gente pensou, antes de qualquer coisa, na quest\u00e3o de usar o dinheiro p\u00fablico da forma correta, fazendo um evento onde tiv\u00e9ssemos a participa\u00e7\u00e3o de todas as secretarias\u201d, afirmou.<\/p>\n<figure id=\"attachment_75629\" aria-describedby=\"caption-attachment-75629\" style=\"width: 300px\" class=\"wp-caption alignright\"><a href=\"https:\/\/marituba.pa.gov.br\/site\/wp-content\/uploads\/2026\/08\/WhatsApp-Image-2026-08-29-at-13.20.51.jpeg\"><img decoding=\"async\" class=\"wp-image-75629 size-medium\" src=\"https:\/\/marituba.pa.gov.br\/site\/wp-content\/uploads\/2026\/08\/WhatsApp-Image-2026-08-29-at-13.20.51-300x200.jpeg\" alt=\"\" width=\"300\" height=\"200\" srcset=\"https:\/\/marituba.pa.gov.br\/site\/wp-content\/uploads\/2026\/08\/WhatsApp-Image-2026-08-29-at-13.20.51-300x200.jpeg 300w, https:\/\/marituba.pa.gov.br\/site\/wp-content\/uploads\/2026\/08\/WhatsApp-Image-2026-08-29-at-13.20.51-1024x682.jpeg 1024w, https:\/\/marituba.pa.gov.br\/site\/wp-content\/uploads\/2026\/08\/WhatsApp-Image-2026-08-29-at-13.20.51-768x512.jpeg 768w, https:\/\/marituba.pa.gov.br\/site\/wp-content\/uploads\/2026\/08\/WhatsApp-Image-2026-08-29-at-13.20.51-1536x1023.jpeg 1536w, https:\/\/marituba.pa.gov.br\/site\/wp-content\/uploads\/2026\/08\/WhatsApp-Image-2026-08-29-at-13.20.51-150x100.jpeg 150w, https:\/\/marituba.pa.gov.br\/site\/wp-content\/uploads\/2026\/08\/WhatsApp-Image-2026-08-29-at-13.20.51-450x300.jpeg 450w, https:\/\/marituba.pa.gov.br\/site\/wp-content\/uploads\/2026\/08\/WhatsApp-Image-2026-08-29-at-13.20.51-1200x800.jpeg 1200w, https:\/\/marituba.pa.gov.br\/site\/wp-content\/uploads\/2026\/08\/WhatsApp-Image-2026-08-29-at-13.20.51.jpeg 1600w\" sizes=\"(max-width: 300px) 100vw, 300px\" \/><\/a><figcaption id=\"caption-attachment-75629\" class=\"wp-caption-text\">Hellen Jaqueline, recebendo o kit Crian\u00e7a Feliz.<\/figcaption><\/figure>\n<p class=\"isSelectedEnd\">Entre as fam\u00edlias atendidas estava a de Hellen Jaqueline, gestante de sete meses e m\u00e3e de primeira viagem. Usu\u00e1ria do CRAS Gedova Nazzari, ela participou da a\u00e7\u00e3o e recebeu o kit destinado \u00e0s gestantes acompanhadas pela assist\u00eancia social. \u201cEu estou gr\u00e1vida de sete meses, \u00e9 minha primeira filha. Sou atendida pelo CRAS Gedova Nazzari e hoje vim receber o Kit Crian\u00e7a Feliz. Eu amei receber. Veio muita coisinha que eu estava precisando para completar o enxoval da Helena, minha primeira filha, minha princesa, que logo, logo j\u00e1 vai estar nos meus bra\u00e7os\u201d, contou.<\/p>\n<p>A a\u00e7\u00e3o refor\u00e7ou a import\u00e2ncia da atua\u00e7\u00e3o integrada das pol\u00edticas p\u00fablicas para garantir aten\u00e7\u00e3o \u00e0s diferentes necessidades da primeira inf\u00e2ncia e das fam\u00edlias, unindo assist\u00eancia social, sa\u00fade, educa\u00e7\u00e3o, esporte e cultura em uma programa\u00e7\u00e3o dedicada ao cuidado, desenvolvimento e bem-estar de gestantes e crian\u00e7as.<\/p>\n<p>Secretaria de Comunica\u00e7\u00e3o de Marituba<\/p>\n<p>Fotos: Ary Brito e Rafael Victor.<\/p>\n<p><strong>Galeria<\/strong><\/p>\n<p><a href=\"https:\/\/marituba.pa.gov.br\/site\/wp-content\/uploads\/2026\/08\/WhatsApp-Image-2026-08-29-at-13.20.52.jpeg\"><img decoding=\"async\" class=\"size-medium wp-image-75640 alignleft\" src=\"https:\/\/marituba.pa.gov.br\/site\/wp-content\/uploads\/2026\/08\/WhatsApp-Image-2026-08-29-at-13.20.52-300x200.jpeg\" alt=\"\" width=\"300\" height=\"200\" srcset=\"https:\/\/marituba.pa.gov.br\/site\/wp-content\/uploads\/2026\/08\/WhatsApp-Image-2026-08-29-at-13.20.52-300x200.jpeg 300w, https:\/\/marituba.pa.gov.br\/site\/wp-content\/uploads\/2026\/08\/WhatsApp-Image-2026-08-29-at-13.20.52-1024x682.jpeg 1024w, https:\/\/marituba.pa.gov.br\/site\/wp-content\/uploads\/2026\/08\/WhatsApp-Image-2026-08-29-at-13.20.52-768x512.jpeg 768w, https:\/\/marituba.pa.gov.br\/site\/wp-content\/uploads\/2026\/08\/WhatsApp-Image-2026-08-29-at-13.20.52-1536x1023.jpeg 1536w, https:\/\/marituba.pa.gov.br\/site\/wp-content\/uploads\/2026\/08\/WhatsApp-Image-2026-08-29-at-13.20.52-150x100.jpeg 150w, https:\/\/marituba.pa.gov.br\/site\/wp-content\/uploads\/2026\/08\/WhatsApp-Image-2026-08-29-at-13.20.52-450x300.jpeg 450w, https:\/\/marituba.pa.gov.br\/site\/wp-content\/uploads\/2026\/08\/WhatsApp-Image-2026-08-29-at-13.20.52-1200x800.jpeg 1200w, https:\/\/marituba.pa.gov.br\/site\/wp-content\/uploads\/2026\/08\/WhatsApp-Image-2026-08-29-at-13.20.52.jpeg 1600w\" sizes=\"(max-width: 300px) 100vw, 300px\" \/><\/a> <a href=\"https:\/\/marituba.pa.gov.br\/site\/wp-content\/uploads\/2026\/08\/WhatsApp-Image-2026-08-29-at-13.20.51-1.jpeg\"><img loading=\"lazy\" decoding=\"async\" class=\"size-medium wp-image-75641 alignright\" src=\"https:\/\/marituba.pa.gov.br\/site\/wp-content\/uploads\/2026\/08\/WhatsApp-Image-2026-08-29-at-13.20.51-1-300x200.jpeg\" alt=\"\" width=\"300\" height=\"200\" srcset=\"https:\/\/marituba.pa.gov.br\/site\/wp-content\/uploads\/2026\/08\/WhatsApp-Image-2026-08-29-at-13.20.51-1-300x200.jpeg 300w, https:\/\/marituba.pa.gov.br\/site\/wp-content\/uploads\/2026\/08\/WhatsApp-Image-2026-08-29-at-13.20.51-1-1024x682.jpeg 1024w, https:\/\/marituba.pa.gov.br\/site\/wp-content\/uploads\/2026\/08\/WhatsApp-Image-2026-08-29-at-13.20.51-1-768x512.jpeg 768w, https:\/\/marituba.pa.gov.br\/site\/wp-content\/uploads\/2026\/08\/WhatsApp-Image-2026-08-29-at-13.20.51-1-1536x1023.jpeg 1536w, https:\/\/marituba.pa.gov.br\/site\/wp-content\/uploads\/2026\/08\/WhatsApp-Image-2026-08-29-at-13.20.51-1-150x100.jpeg 150w, https:\/\/marituba.pa.gov.br\/site\/wp-content\/uploads\/2026\/08\/WhatsApp-Image-2026-08-29-at-13.20.51-1-450x300.jpeg 450w, https:\/\/marituba.pa.gov.br\/site\/wp-content\/uploads\/2026\/08\/WhatsApp-Image-2026-08-29-at-13.20.51-1-1200x800.jpeg 1200w, https:\/\/marituba.pa.gov.br\/site\/wp-content\/uploads\/2026\/08\/WhatsApp-Image-2026-08-29-at-13.20.51-1.jpeg 1600w\" sizes=\"(max-width: 300px) 100vw, 300px\" \/><\/a> <a href=\"https:\/\/marituba.pa.gov.br\/site\/wp-content\/uploads\/2026\/08\/WhatsApp-Image-2026-08-29-at-13.20.50-1.jpeg\"><img loading=\"lazy\" decoding=\"async\" class=\"size-medium wp-image-75642 alignleft\" src=\"https:\/\/marituba.pa.gov.br\/site\/wp-content\/uploads\/2026\/08\/WhatsApp-Image-2026-08-29-at-13.20.50-1-300x200.jpeg\" alt=\"\" width=\"300\" height=\"200\" srcset=\"https:\/\/marituba.pa.gov.br\/site\/wp-content\/uploads\/2026\/08\/WhatsApp-Image-2026-08-29-at-13.20.50-1-300x200.jpeg 300w, https:\/\/marituba.pa.gov.br\/site\/wp-content\/uploads\/2026\/08\/WhatsApp-Image-2026-08-29-at-13.20.50-1-1024x682.jpeg 1024w, https:\/\/marituba.pa.gov.br\/site\/wp-content\/uploads\/2026\/08\/WhatsApp-Image-2026-08-29-at-13.20.50-1-768x512.jpeg 768w, https:\/\/marituba.pa.gov.br\/site\/wp-content\/uploads\/2026\/08\/WhatsApp-Image-2026-08-29-at-13.20.50-1-1536x1023.jpeg 1536w, https:\/\/marituba.pa.gov.br\/site\/wp-content\/uploads\/2026\/08\/WhatsApp-Image-2026-08-29-at-13.20.50-1-150x100.jpeg 150w, https:\/\/marituba.pa.gov.br\/site\/wp-content\/uploads\/2026\/08\/WhatsApp-Image-2026-08-29-at-13.20.50-1-450x300.jpeg 450w, https:\/\/marituba.pa.gov.br\/site\/wp-content\/uploads\/2026\/08\/WhatsApp-Image-2026-08-29-at-13.20.50-1-1200x800.jpeg 1200w, https:\/\/marituba.pa.gov.br\/site\/wp-content\/uploads\/2026\/08\/WhatsApp-Image-2026-08-29-at-13.20.50-1.jpeg 1600w\" sizes=\"(max-width: 300px) 100vw, 300px\" \/><\/a> <a href=\"https:\/\/marituba.pa.gov.br\/site\/wp-content\/uploads\/2026\/08\/WhatsApp-Image-2026-08-29-at-13.20.50.jpeg\"><img loading=\"lazy\" decoding=\"async\" class=\"size-medium wp-image-75643 alignright\" src=\"https:\/\/marituba.pa.gov.br\/site\/wp-content\/uploads\/2026\/08\/WhatsApp-Image-2026-08-29-at-13.20.50-300x200.jpeg\" alt=\"\" width=\"300\" height=\"200\" srcset=\"https:\/\/marituba.pa.gov.br\/site\/wp-content\/uploads\/2026\/08\/WhatsApp-Image-2026-08-29-at-13.20.50-300x200.jpeg 300w, https:\/\/marituba.pa.gov.br\/site\/wp-content\/uploads\/2026\/08\/WhatsApp-Image-2026-08-29-at-13.20.50-1024x682.jpeg 1024w, https:\/\/marituba.pa.gov.br\/site\/wp-content\/uploads\/2026\/08\/WhatsApp-Image-2026-08-29-at-13.20.50-768x512.jpeg 768w, https:\/\/marituba.pa.gov.br\/site\/wp-content\/uploads\/2026\/08\/WhatsApp-Image-2026-08-29-at-13.20.50-1536x1023.jpeg 1536w, https:\/\/marituba.pa.gov.br\/site\/wp-content\/uploads\/2026\/08\/WhatsApp-Image-2026-08-29-at-13.20.50-150x100.jpeg 150w, https:\/\/marituba.pa.gov.br\/site\/wp-content\/uploads\/2026\/08\/WhatsApp-Image-2026-08-29-at-13.20.50-450x300.jpeg 450w, https:\/\/marituba.pa.gov.br\/site\/wp-content\/uploads\/2026\/08\/WhatsApp-Image-2026-08-29-at-13.20.50-1200x800.jpeg 1200w, https:\/\/marituba.pa.gov.br\/site\/wp-content\/uploads\/2026\/08\/WhatsApp-Image-2026-08-29-at-13.20.50.jpeg 1600w\" sizes=\"(max-width: 300px) 100vw, 300px\" \/><\/a> <a href=\"https:\/\/marituba.pa.gov.br\/site\/wp-content\/uploads\/2026\/08\/WhatsApp-Image-2026-08-29-at-13.19.20-1.jpeg\"><img loading=\"lazy\" decoding=\"async\" class=\"size-medium wp-image-75644 alignleft\" src=\"https:\/\/marituba.pa.gov.br\/site\/wp-content\/uploads\/2026\/08\/WhatsApp-Image-2026-08-29-at-13.19.20-1-300x200.jpeg\" alt=\"\" width=\"300\" height=\"200\" srcset=\"https:\/\/marituba.pa.gov.br\/site\/wp-content\/uploads\/2026\/08\/WhatsApp-Image-2026-08-29-at-13.19.20-1-300x200.jpeg 300w, https:\/\/marituba.pa.gov.br\/site\/wp-content\/uploads\/2026\/08\/WhatsApp-Image-2026-08-29-at-13.19.20-1-1024x682.jpeg 1024w, https:\/\/marituba.pa.gov.br\/site\/wp-content\/uploads\/2026\/08\/WhatsApp-Image-2026-08-29-at-13.19.20-1-768x512.jpeg 768w, https:\/\/marituba.pa.gov.br\/site\/wp-content\/uploads\/2026\/08\/WhatsApp-Image-2026-08-29-at-13.19.20-1-1536x1023.jpeg 1536w, https:\/\/marituba.pa.gov.br\/site\/wp-content\/uploads\/2026\/08\/WhatsApp-Image-2026-08-29-at-13.19.20-1-150x100.jpeg 150w, https:\/\/marituba.pa.gov.br\/site\/wp-content\/uploads\/2026\/08\/WhatsApp-Image-2026-08-29-at-13.19.20-1-450x300.jpeg 450w, https:\/\/marituba.pa.gov.br\/site\/wp-content\/uploads\/2026\/08\/WhatsApp-Image-2026-08-29-at-13.19.20-1-1200x800.jpeg 1200w, https:\/\/marituba.pa.gov.br\/site\/wp-content\/uploads\/2026\/08\/WhatsApp-Image-2026-08-29-at-13.19.20-1.jpeg 1600w\" sizes=\"(max-width: 300px) 100vw, 300px\" \/><\/a> <a href=\"https:\/\/marituba.pa.gov.br\/site\/wp-content\/uploads\/2026\/08\/WhatsApp-Image-2026-08-29-at-13.19.20.jpeg\"><img loading=\"lazy\" decoding=\"async\" class=\"size-medium wp-image-75645 alignright\" src=\"https:\/\/marituba.pa.gov.br\/site\/wp-content\/uploads\/2026\/08\/WhatsApp-Image-2026-08-29-at-13.19.20-300x200.jpeg\" alt=\"\" width=\"300\" height=\"200\" srcset=\"https:\/\/marituba.pa.gov.br\/site\/wp-content\/uploads\/2026\/08\/WhatsApp-Image-2026-08-29-at-13.19.20-300x200.jpeg 300w, https:\/\/marituba.pa.gov.br\/site\/wp-content\/uploads\/2026\/08\/WhatsApp-Image-2026-08-29-at-13.19.20-1024x682.jpeg 1024w, https:\/\/marituba.pa.gov.br\/site\/wp-content\/uploads\/2026\/08\/WhatsApp-Image-2026-08-29-at-13.19.20-768x512.jpeg 768w, https:\/\/marituba.pa.gov.br\/site\/wp-content\/uploads\/2026\/08\/WhatsApp-Image-2026-08-29-at-13.19.20-1536x1023.jpeg 1536w, https:\/\/marituba.pa.gov.br\/site\/wp-content\/uploads\/2026\/08\/WhatsApp-Image-2026-08-29-at-13.19.20-150x100.jpeg 150w, https:\/\/marituba.pa.gov.br\/site\/wp-content\/uploads\/2026\/08\/WhatsApp-Image-2026-08-29-at-13.19.20-450x300.jpeg 450w, https:\/\/marituba.pa.gov.br\/site\/wp-content\/uploads\/2026\/08\/WhatsApp-Image-2026-08-29-at-13.19.20-1200x800.jpeg 1200w, https:\/\/marituba.pa.gov.br\/site\/wp-content\/uploads\/2026\/08\/WhatsApp-Image-2026-08-29-at-13.19.20.jpeg 1600w\" sizes=\"(max-width: 300px) 100vw, 300px\" \/><\/a> <a href=\"https:\/\/marituba.pa.gov.br\/site\/wp-content\/uploads\/2026\/08\/WhatsApp-Image-2026-08-29-at-13.20.53.jpeg\"><img loading=\"lazy\" decoding=\"async\" class=\"size-medium wp-image-75646 alignleft\" src=\"https:\/\/marituba.pa.gov.br\/site\/wp-content\/uploads\/2026\/08\/WhatsApp-Image-2026-08-29-at-13.20.53-300x200.jpeg\" alt=\"\" width=\"300\" height=\"200\" srcset=\"https:\/\/marituba.pa.gov.br\/site\/wp-content\/uploads\/2026\/08\/WhatsApp-Image-2026-08-29-at-13.20.53-300x200.jpeg 300w, https:\/\/marituba.pa.gov.br\/site\/wp-content\/uploads\/2026\/08\/WhatsApp-Image-2026-08-29-at-13.20.53-1024x682.jpeg 1024w, https:\/\/marituba.pa.gov.br\/site\/wp-content\/uploads\/2026\/08\/WhatsApp-Image-2026-08-29-at-13.20.53-768x512.jpeg 768w, https:\/\/marituba.pa.gov.br\/site\/wp-content\/uploads\/2026\/08\/WhatsApp-Image-2026-08-29-at-13.20.53-1536x1023.jpeg 1536w, https:\/\/marituba.pa.gov.br\/site\/wp-content\/uploads\/2026\/08\/WhatsApp-Image-2026-08-29-at-13.20.53-150x100.jpeg 150w, https:\/\/marituba.pa.gov.br\/site\/wp-content\/uploads\/2026\/08\/WhatsApp-Image-2026-08-29-at-13.20.53-450x300.jpeg 450w, https:\/\/marituba.pa.gov.br\/site\/wp-content\/uploads\/2026\/08\/WhatsApp-Image-2026-08-29-at-13.20.53-1200x800.jpeg 1200w, https:\/\/marituba.pa.gov.br\/site\/wp-content\/uploads\/2026\/08\/WhatsApp-Image-2026-08-29-at-13.20.53.jpeg 1600w\" sizes=\"(max-width: 300px) 100vw, 300px\" \/><\/a><\/p>\n","protected":false},"excerpt":{"rendered":"<p>A Prefeitura de Marituba realizou, no \u00faltimo s\u00e1bado (29), uma a\u00e7\u00e3o especial em alus\u00e3o ao Agosto Dourado, com programa\u00e7\u00e3o voltada \u00e0 primeira inf\u00e2ncia, \u00e0s gestantes e suas fam\u00edlias. A iniciativa reuniu diferentes secretarias municipais em uma manh\u00e3 de servi\u00e7os, atividades e orienta\u00e7\u00f5es, refor\u00e7ando a import\u00e2ncia do cuidado e da aten\u00e7\u00e3o integral desde os primeiros anos<\/p>\n","protected":false},"author":25,"featured_media":75633,"comment_status":"closed","ping_status":"closed","sticky":false,"template":"","format":"standard","meta":{"footnotes":""},"categories":[1],"tags":[],"class_list":["post-75628","post","type-post","status-publish","format-standard","has-post-thumbnail","category-noticias"],"yoast_head":"<!-- This site is optimized with the Yoast SEO plugin v28.1 - https:\/\/yoast.com\/product\/yoast-seo-wordpress\/ -->\n<title>Marituba promove a\u00e7\u00e3o do Agosto Dourado com servi\u00e7os voltados \u00e0 primeira inf\u00e2ncia - Prefeitura Municipal de Marituba - PA | Gest\u00e3o 2025-2028<\/title>\n<meta name=\"robots\" content=\"index, follow, max-snippet:-1, max-image-preview:large, max-video-preview:-1\" \/>\n<link rel=\"canonical\" href=\"https:\/\/marituba.pa.gov.br\/site\/marituba-promove-acao-do-agosto-dourado-com-servicos-voltados-a-primeira-infancia\/\" \/>\n<meta property=\"og:locale\" content=\"pt_BR\" \/>\n<meta property=\"og:type\" content=\"article\" \/>\n<meta property=\"og:title\" content=\"Marituba promove a\u00e7\u00e3o do Agosto Dourado com servi\u00e7os voltados \u00e0 primeira inf\u00e2ncia - Prefeitura Municipal de Marituba - PA | Gest\u00e3o 2025-2028\" \/>\n<meta property=\"og:description\" content=\"A Prefeitura de Marituba realizou, no \u00faltimo s\u00e1bado (29), uma a\u00e7\u00e3o especial em alus\u00e3o ao Agosto Dourado, com programa\u00e7\u00e3o voltada \u00e0 primeira inf\u00e2ncia, \u00e0s gestantes e suas fam\u00edlias. A iniciativa reuniu diferentes secretarias municipais em uma manh\u00e3 de servi\u00e7os, atividades e orienta\u00e7\u00f5es, refor\u00e7ando a import\u00e2ncia do cuidado e da aten\u00e7\u00e3o integral desde os primeiros anos\" \/>\n<meta property=\"og:url\" content=\"https:\/\/marituba.pa.gov.br\/site\/marituba-promove-acao-do-agosto-dourado-com-servicos-voltados-a-primeira-infancia\/\" \/>\n<meta property=\"og:site_name\" content=\"Prefeitura Municipal de Marituba - PA | Gest\u00e3o 2025-2028\" \/>\n<meta property=\"article:published_time\" content=\"2026-08-31T18:56:11+00:00\" \/>\n<meta property=\"og:image\" content=\"https:\/\/marituba.pa.gov.br\/site\/wp-content\/uploads\/2026\/08\/WhatsApp-Image-2026-08-29-at-13.19.21.jpeg\" \/>\n\t<meta property=\"og:image:width\" content=\"1600\" \/>\n\t<meta property=\"og:image:height\" content=\"1066\" \/>\n\t<meta property=\"og:image:type\" content=\"image\/jpeg\" \/>\n<meta name=\"author\" content=\"maritubaimprensa\" \/>\n<meta name=\"twitter:label1\" content=\"Escrito por\" \/>\n\t<meta name=\"twitter:data1\" content=\"maritubaimprensa\" \/>\n\t<meta name=\"twitter:label2\" content=\"Est. tempo de leitura\" \/>\n\t<meta name=\"twitter:data2\" content=\"6 minutos\" \/>\n<script type=\"application\/ld+json\" class=\"yoast-schema-graph\">{\"@context\":\"https:\\\/\\\/schema.org\",\"@graph\":[{\"@type\":\"Article\",\"@id\":\"https:\\\/\\\/marituba.pa.gov.br\\\/site\\\/marituba-promove-acao-do-agosto-dourado-com-servicos-voltados-a-primeira-infancia\\\/#article\",\"isPartOf\":{\"@id\":\"https:\\\/\\\/marituba.pa.gov.br\\\/site\\\/marituba-promove-acao-do-agosto-dourado-com-servicos-voltados-a-primeira-infancia\\\/\"},\"author\":{\"name\":\"maritubaimprensa\",\"@id\":\"https:\\\/\\\/marituba.pa.gov.br\\\/site\\\/#\\\/schema\\\/person\\\/01641c6b91674b43ef06391daf008b4a\"},\"headline\":\"Marituba promove a\u00e7\u00e3o do Agosto Dourado com servi\u00e7os voltados \u00e0 primeira inf\u00e2ncia\",\"datePublished\":\"2026-08-31T18:56:11+00:00\",\"mainEntityOfPage\":{\"@id\":\"https:\\\/\\\/marituba.pa.gov.br\\\/site\\\/marituba-promove-acao-do-agosto-dourado-com-servicos-voltados-a-primeira-infancia\\\/\"},\"wordCount\":672,\"image\":{\"@id\":\"https:\\\/\\\/marituba.pa.gov.br\\\/site\\\/marituba-promove-acao-do-agosto-dourado-com-servicos-voltados-a-primeira-infancia\\\/#primaryimage\"},\"thumbnailUrl\":\"https:\\\/\\\/marituba.pa.gov.br\\\/site\\\/wp-content\\\/uploads\\\/2026\\\/08\\\/WhatsApp-Image-2026-08-29-at-13.19.21.jpeg\",\"articleSection\":[\"Not\u00edcias\"],\"inLanguage\":\"pt-BR\"},{\"@type\":\"WebPage\",\"@id\":\"https:\\\/\\\/marituba.pa.gov.br\\\/site\\\/marituba-promove-acao-do-agosto-dourado-com-servicos-voltados-a-primeira-infancia\\\/\",\"url\":\"https:\\\/\\\/marituba.pa.gov.br\\\/site\\\/marituba-promove-acao-do-agosto-dourado-com-servicos-voltados-a-primeira-infancia\\\/\",\"name\":\"Marituba promove a\u00e7\u00e3o do Agosto Dourado com servi\u00e7os voltados \u00e0 primeira inf\u00e2ncia - Prefeitura Municipal de Marituba - PA | Gest\u00e3o 2025-2028\",\"isPartOf\":{\"@id\":\"https:\\\/\\\/marituba.pa.gov.br\\\/site\\\/#website\"},\"primaryImageOfPage\":{\"@id\":\"https:\\\/\\\/marituba.pa.gov.br\\\/site\\\/marituba-promove-acao-do-agosto-dourado-com-servicos-voltados-a-primeira-infancia\\\/#primaryimage\"},\"image\":{\"@id\":\"https:\\\/\\\/marituba.pa.gov.br\\\/site\\\/marituba-promove-acao-do-agosto-dourado-com-servicos-voltados-a-primeira-infancia\\\/#primaryimage\"},\"thumbnailUrl\":\"https:\\\/\\\/marituba.pa.gov.br\\\/site\\\/wp-content\\\/uploads\\\/2026\\\/08\\\/WhatsApp-Image-2026-08-29-at-13.19.21.jpeg\",\"datePublished\":\"2026-08-31T18:56:11+00:00\",\"author\":{\"@id\":\"https:\\\/\\\/marituba.pa.gov.br\\\/site\\\/#\\\/schema\\\/person\\\/01641c6b91674b43ef06391daf008b4a\"},\"inLanguage\":\"pt-BR\",\"potentialAction\":[{\"@type\":\"ReadAction\",\"target\":[\"https:\\\/\\\/marituba.pa.gov.br\\\/site\\\/marituba-promove-acao-do-agosto-dourado-com-servicos-voltados-a-primeira-infancia\\\/\"]}]},{\"@type\":\"ImageObject\",\"inLanguage\":\"pt-BR\",\"@id\":\"https:\\\/\\\/marituba.pa.gov.br\\\/site\\\/marituba-promove-acao-do-agosto-dourado-com-servicos-voltados-a-primeira-infancia\\\/#primaryimage\",\"url\":\"https:\\\/\\\/marituba.pa.gov.br\\\/site\\\/wp-content\\\/uploads\\\/2026\\\/08\\\/WhatsApp-Image-2026-08-29-at-13.19.21.jpeg\",\"contentUrl\":\"https:\\\/\\\/marituba.pa.gov.br\\\/site\\\/wp-content\\\/uploads\\\/2026\\\/08\\\/WhatsApp-Image-2026-08-29-at-13.19.21.jpeg\",\"width\":1600,\"height\":1066},{\"@type\":\"WebSite\",\"@id\":\"https:\\\/\\\/marituba.pa.gov.br\\\/site\\\/#website\",\"url\":\"https:\\\/\\\/marituba.pa.gov.br\\\/site\\\/\",\"name\":\"Prefeitura Municipal de Marituba - PA | Gest\u00e3o 2025-2028\",\"description\":\"Site oficial da Prefeitura Municipal de Marituba - PA\",\"potentialAction\":[{\"@type\":\"SearchAction\",\"target\":{\"@type\":\"EntryPoint\",\"urlTemplate\":\"https:\\\/\\\/marituba.pa.gov.br\\\/site\\\/?s={search_term_string}\"},\"query-input\":{\"@type\":\"PropertyValueSpecification\",\"valueRequired\":true,\"valueName\":\"search_term_string\"}}],\"inLanguage\":\"pt-BR\"},{\"@type\":\"Person\",\"@id\":\"https:\\\/\\\/marituba.pa.gov.br\\\/site\\\/#\\\/schema\\\/person\\\/01641c6b91674b43ef06391daf008b4a\",\"name\":\"maritubaimprensa\",\"image\":{\"@type\":\"ImageObject\",\"inLanguage\":\"pt-BR\",\"@id\":\"https:\\\/\\\/secure.gravatar.com\\\/avatar\\\/757413b4d5eb4de3d532c20c347bada8f146eea4fc591b2e238b914a23a2b51b?s=96&d=mm&r=g\",\"url\":\"https:\\\/\\\/secure.gravatar.com\\\/avatar\\\/757413b4d5eb4de3d532c20c347bada8f146eea4fc591b2e238b914a23a2b51b?s=96&d=mm&r=g\",\"contentUrl\":\"https:\\\/\\\/secure.gravatar.com\\\/avatar\\\/757413b4d5eb4de3d532c20c347bada8f146eea4fc591b2e238b914a23a2b51b?s=96&d=mm&r=g\",\"caption\":\"maritubaimprensa\"},\"url\":\"https:\\\/\\\/marituba.pa.gov.br\\\/site\\\/author\\\/maritubaimprensa\\\/\"}]}<\/script>\n<!-- \/ Yoast SEO plugin. -->","yoast_head_json":{"title":"Marituba promove a\u00e7\u00e3o do Agosto Dourado com servi\u00e7os voltados \u00e0 primeira inf\u00e2ncia - Prefeitura Municipal de Marituba - PA | Gest\u00e3o 2025-2028","robots":{"index":"index","follow":"follow","max-snippet":"max-snippet:-1","max-image-preview":"max-image-preview:large","max-video-preview":"max-video-preview:-1"},"canonical":"https:\/\/marituba.pa.gov.br\/site\/marituba-promove-acao-do-agosto-dourado-com-servicos-voltados-a-primeira-infancia\/","og_locale":"pt_BR","og_type":"article","og_title":"Marituba promove a\u00e7\u00e3o do Agosto Dourado com servi\u00e7os voltados \u00e0 primeira inf\u00e2ncia - Prefeitura Municipal de Marituba - PA | Gest\u00e3o 2025-2028","og_description":"A Prefeitura de Marituba realizou, no \u00faltimo s\u00e1bado (29), uma a\u00e7\u00e3o especial em alus\u00e3o ao Agosto Dourado, com programa\u00e7\u00e3o voltada \u00e0 primeira inf\u00e2ncia, \u00e0s gestantes e suas fam\u00edlias. A iniciativa reuniu diferentes secretarias municipais em uma manh\u00e3 de servi\u00e7os, atividades e orienta\u00e7\u00f5es, refor\u00e7ando a import\u00e2ncia do cuidado e da aten\u00e7\u00e3o integral desde os primeiros anos","og_url":"https:\/\/marituba.pa.gov.br\/site\/marituba-promove-acao-do-agosto-dourado-com-servicos-voltados-a-primeira-infancia\/","og_site_name":"Prefeitura Municipal de Marituba - PA | Gest\u00e3o 2025-2028","article_published_time":"2026-08-31T18:56:11+00:00","og_image":[{"width":1600,"height":1066,"url":"https:\/\/marituba.pa.gov.br\/site\/wp-content\/uploads\/2026\/08\/WhatsApp-Image-2026-08-29-at-13.19.21.jpeg","type":"image\/jpeg"}],"author":"maritubaimprensa","twitter_misc":{"Escrito por":"maritubaimprensa","Est. tempo de leitura":"6 minutos"},"schema":{"@context":"https:\/\/schema.org","@graph":[{"@type":"Article","@id":"https:\/\/marituba.pa.gov.br\/site\/marituba-promove-acao-do-agosto-dourado-com-servicos-voltados-a-primeira-infancia\/#article","isPartOf":{"@id":"https:\/\/marituba.pa.gov.br\/site\/marituba-promove-acao-do-agosto-dourado-com-servicos-voltados-a-primeira-infancia\/"},"author":{"name":"maritubaimprensa","@id":"https:\/\/marituba.pa.gov.br\/site\/#\/schema\/person\/01641c6b91674b43ef06391daf008b4a"},"headline":"Marituba promove a\u00e7\u00e3o do Agosto Dourado com servi\u00e7os voltados \u00e0 primeira inf\u00e2ncia","datePublished":"2026-08-31T18:56:11+00:00","mainEntityOfPage":{"@id":"https:\/\/marituba.pa.gov.br\/site\/marituba-promove-acao-do-agosto-dourado-com-servicos-voltados-a-primeira-infancia\/"},"wordCount":672,"image":{"@id":"https:\/\/marituba.pa.gov.br\/site\/marituba-promove-acao-do-agosto-dourado-com-servicos-voltados-a-primeira-infancia\/#primaryimage"},"thumbnailUrl":"https:\/\/marituba.pa.gov.br\/site\/wp-content\/uploads\/2026\/08\/WhatsApp-Image-2026-08-29-at-13.19.21.jpeg","articleSection":["Not\u00edcias"],"inLanguage":"pt-BR"},{"@type":"WebPage","@id":"https:\/\/marituba.pa.gov.br\/site\/marituba-promove-acao-do-agosto-dourado-com-servicos-voltados-a-primeira-infancia\/","url":"https:\/\/marituba.pa.gov.br\/site\/marituba-promove-acao-do-agosto-dourado-com-servicos-voltados-a-primeira-infancia\/","name":"Marituba promove a\u00e7\u00e3o do Agosto Dourado com servi\u00e7os voltados \u00e0 primeira inf\u00e2ncia - Prefeitura Municipal de Marituba - PA | Gest\u00e3o 2025-2028","isPartOf":{"@id":"https:\/\/marituba.pa.gov.br\/site\/#website"},"primaryImageOfPage":{"@id":"https:\/\/marituba.pa.gov.br\/site\/marituba-promove-acao-do-agosto-dourado-com-servicos-voltados-a-primeira-infancia\/#primaryimage"},"image":{"@id":"https:\/\/marituba.pa.gov.br\/site\/marituba-promove-acao-do-agosto-dourado-com-servicos-voltados-a-primeira-infancia\/#primaryimage"},"thumbnailUrl":"https:\/\/marituba.pa.gov.br\/site\/wp-content\/uploads\/2026\/08\/WhatsApp-Image-2026-08-29-at-13.19.21.jpeg","datePublished":"2026-08-31T18:56:11+00:00","author":{"@id":"https:\/\/marituba.pa.gov.br\/site\/#\/schema\/person\/01641c6b91674b43ef06391daf008b4a"},"inLanguage":"pt-BR","potentialAction":[{"@type":"ReadAction","target":["https:\/\/marituba.pa.gov.br\/site\/marituba-promove-acao-do-agosto-dourado-com-servicos-voltados-a-primeira-infancia\/"]}]},{"@type":"ImageObject","inLanguage":"pt-BR","@id":"https:\/\/marituba.pa.gov.br\/site\/marituba-promove-acao-do-agosto-dourado-com-servicos-voltados-a-primeira-infancia\/#primaryimage","url":"https:\/\/marituba.pa.gov.br\/site\/wp-content\/uploads\/2026\/08\/WhatsApp-Image-2026-08-29-at-13.19.21.jpeg","contentUrl":"https:\/\/marituba.pa.gov.br\/site\/wp-content\/uploads\/2026\/08\/WhatsApp-Image-2026-08-29-at-13.19.21.jpeg","width":1600,"height":1066},{"@type":"WebSite","@id":"https:\/\/marituba.pa.gov.br\/site\/#website","url":"https:\/\/marituba.pa.gov.br\/site\/","name":"Prefeitura Municipal de Marituba - PA | Gest\u00e3o 2025-2028","description":"Site oficial da Prefeitura Municipal de Marituba - PA","potentialAction":[{"@type":"SearchAction","target":{"@type":"EntryPoint","urlTemplate":"https:\/\/marituba.pa.gov.br\/site\/?s={search_term_string}"},"query-input":{"@type":"PropertyValueSpecification","valueRequired":true,"valueName":"search_term_string"}}],"inLanguage":"pt-BR"},{"@type":"Person","@id":"https:\/\/marituba.pa.gov.br\/site\/#\/schema\/person\/01641c6b91674b43ef06391daf008b4a","name":"maritubaimprensa","image":{"@type":"ImageObject","inLanguage":"pt-BR","@id":"https:\/\/secure.gravatar.com\/avatar\/757413b4d5eb4de3d532c20c347bada8f146eea4fc591b2e238b914a23a2b51b?s=96&d=mm&r=g","url":"https:\/\/secure.gravatar.com\/avatar\/757413b4d5eb4de3d532c20c347bada8f146eea4fc591b2e238b914a23a2b51b?s=96&d=mm&r=g","contentUrl":"https:\/\/secure.gravatar.com\/avatar\/757413b4d5eb4de3d532c20c347bada8f146eea4fc591b2e238b914a23a2b51b?s=96&d=mm&r=g","caption":"maritubaimprensa"},"url":"https:\/\/marituba.pa.gov.br\/site\/author\/maritubaimprensa\/"}]}},"_links":{"self":[{"href":"https:\/\/marituba.pa.gov.br\/site\/wp-json\/wp\/v2\/posts\/75628","targetHints":{"allow":["GET"]}}],"collection":[{"href":"https:\/\/marituba.pa.gov.br\/site\/wp-json\/wp\/v2\/posts"}],"about":[{"href":"https:\/\/marituba.pa.gov.br\/site\/wp-json\/wp\/v2\/types\/post"}],"author":[{"embeddable":true,"href":"https:\/\/marituba.pa.gov.br\/site\/wp-json\/wp\/v2\/users\/25"}],"replies":[{"embeddable":true,"href":"https:\/\/marituba.pa.gov.br\/site\/wp-json\/wp\/v2\/comments?post=75628"}],"version-history":[{"count":4,"href":"https:\/\/marituba.pa.gov.br\/site\/wp-json\/wp\/v2\/posts\/75628\/revisions"}],"predecessor-version":[{"id":75647,"href":"https:\/\/marituba.pa.gov.br\/site\/wp-json\/wp\/v2\/posts\/75628\/revisions\/75647"}],"wp:featuredmedia":[{"embeddable":true,"href":"https:\/\/marituba.pa.gov.br\/site\/wp-json\/wp\/v2\/media\/75633"}],"wp:attachment":[{"href":"https:\/\/marituba.pa.gov.br\/site\/wp-json\/wp\/v2\/media?parent=75628"}],"wp:term":[{"taxonomy":"category","embeddable":true,"href":"https:\/\/marituba.pa.gov.br\/site\/wp-json\/wp\/v2\/categories?post=75628"},{"taxonomy":"post_tag","embeddable":true,"href":"https:\/\/marituba.pa.gov.br\/site\/wp-json\/wp\/v2\/tags?post=75628"}],"curies":[{"name":"wp","href":"https:\/\/api.w.org\/{rel}","templated":true}]}}