{"id":75616,"date":"2026-08-31T12:36:49","date_gmt":"2026-08-31T15:36:49","guid":{"rendered":"https:\/\/marituba.pa.gov.br\/site\/?p=75616"},"modified":"2026-08-31T12:50:46","modified_gmt":"2026-08-31T15:50:46","slug":"marituba-realiza-a-corrida-e-caminhada-da-mulher-em-mobilizacao-contra-a-violencia","status":"publish","type":"post","link":"https:\/\/marituba.pa.gov.br\/site\/marituba-realiza-a-corrida-e-caminhada-da-mulher-em-mobilizacao-contra-a-violencia\/","title":{"rendered":"Marituba realiza Corrida e Caminhada da Mulher em mobiliza\u00e7\u00e3o contra a viol\u00eancia"},"content":{"rendered":"<p class=\"isSelectedEnd\">A Pra\u00e7a Matriz de Marituba foi tomada por mulheres, esporte e conscientiza\u00e7\u00e3o na manh\u00e3 do \u00faltimo s\u00e1bado (29), durante a 1\u00aa Corrida e Caminhada da Mulher de Marituba contra a Viol\u00eancia. Promovido pela Prefeitura de Marituba, por meio da Secretaria Municipal Especial da Mulher (SEMU), o evento encerrou a programa\u00e7\u00e3o do Agosto Lil\u00e1s com uma grande mobiliza\u00e7\u00e3o em defesa dos direitos das mulheres e pelo enfrentamento \u00e0 viol\u00eancia.<\/p>\n<p class=\"isSelectedEnd\">Com o tema \u201cEu N\u00e3o Estou Sozinha\u201d e a mensagem \u201cMarituba diz n\u00e3o \u00e0 viol\u00eancia contra a mulher\u201d, a iniciativa foi al\u00e9m da competi\u00e7\u00e3o esportiva e reuniu diferentes \u00e1reas da administra\u00e7\u00e3o p\u00fablica, levando para a Pra\u00e7a Matriz a\u00e7\u00f5es de sa\u00fade, cultura, seguran\u00e7a, meio ambiente, agricultura e servi\u00e7os da rede de prote\u00e7\u00e3o \u00e0s mulheres.<\/p>\n<p class=\"isSelectedEnd\">Um dos destaques da programa\u00e7\u00e3o foi a cria\u00e7\u00e3o da categoria Mulher Maritubense, pensada especialmente para valorizar as corredoras do munic\u00edpio, reconhecer o talento esportivo local e ampliar o protagonismo feminino na competi\u00e7\u00e3o. A categoria tamb\u00e9m refor\u00e7ou o sentimento de pertencimento e incentivou a participa\u00e7\u00e3o das mulheres de Marituba no esporte.<\/p>\n<figure id=\"attachment_75618\" aria-describedby=\"caption-attachment-75618\" style=\"width: 300px\" class=\"wp-caption alignleft\"><a href=\"https:\/\/marituba.pa.gov.br\/site\/wp-content\/uploads\/2026\/08\/WhatsApp-Image-2026-08-31-at-12.14.04.jpeg\"><img fetchpriority=\"high\" decoding=\"async\" class=\"wp-image-75618 size-medium\" src=\"https:\/\/marituba.pa.gov.br\/site\/wp-content\/uploads\/2026\/08\/WhatsApp-Image-2026-08-31-at-12.14.04-300x169.jpeg\" alt=\"\" width=\"300\" height=\"169\" srcset=\"https:\/\/marituba.pa.gov.br\/site\/wp-content\/uploads\/2026\/08\/WhatsApp-Image-2026-08-31-at-12.14.04-300x169.jpeg 300w, https:\/\/marituba.pa.gov.br\/site\/wp-content\/uploads\/2026\/08\/WhatsApp-Image-2026-08-31-at-12.14.04-1024x576.jpeg 1024w, https:\/\/marituba.pa.gov.br\/site\/wp-content\/uploads\/2026\/08\/WhatsApp-Image-2026-08-31-at-12.14.04-768x432.jpeg 768w, https:\/\/marituba.pa.gov.br\/site\/wp-content\/uploads\/2026\/08\/WhatsApp-Image-2026-08-31-at-12.14.04-1536x864.jpeg 1536w, https:\/\/marituba.pa.gov.br\/site\/wp-content\/uploads\/2026\/08\/WhatsApp-Image-2026-08-31-at-12.14.04-150x84.jpeg 150w, https:\/\/marituba.pa.gov.br\/site\/wp-content\/uploads\/2026\/08\/WhatsApp-Image-2026-08-31-at-12.14.04-450x253.jpeg 450w, https:\/\/marituba.pa.gov.br\/site\/wp-content\/uploads\/2026\/08\/WhatsApp-Image-2026-08-31-at-12.14.04-1200x675.jpeg 1200w, https:\/\/marituba.pa.gov.br\/site\/wp-content\/uploads\/2026\/08\/WhatsApp-Image-2026-08-31-at-12.14.04.jpeg 1600w\" sizes=\"(max-width: 300px) 100vw, 300px\" \/><\/a><figcaption id=\"caption-attachment-75618\" class=\"wp-caption-text\">Francielle Jamily, vencedora da modalidade Mulher Maritubense com as vencedoras do 2\u00ba e 3\u00ba lugar.<\/figcaption><\/figure>\n<p class=\"isSelectedEnd\">A vencedora da modalidade Mulher Maritubense, Francielle Jamily, comemorou a conquista do primeiro lugar e destacou que aquela foi sua primeira participa\u00e7\u00e3o em uma corrida no munic\u00edpio. \u201c\u00c9 uma sensa\u00e7\u00e3o muito boa. Eu estou muito feliz pela minha coloca\u00e7\u00e3o. Era uma coisa que eu queria muito, esse primeiro lugar. E eu agrade\u00e7o \u00e0 Prefeitura, a todas as secretarias, porque \u00e9 uma causa muito importante para n\u00f3s mulheres\u201d, afirmou.<\/p>\n<figure id=\"attachment_75619\" aria-describedby=\"caption-attachment-75619\" style=\"width: 300px\" class=\"wp-caption alignright\"><a href=\"https:\/\/marituba.pa.gov.br\/site\/wp-content\/uploads\/2026\/08\/WhatsApp-Image-2026-08-29-at-12.53.27.jpeg\"><img decoding=\"async\" class=\"wp-image-75619 size-medium\" src=\"https:\/\/marituba.pa.gov.br\/site\/wp-content\/uploads\/2026\/08\/WhatsApp-Image-2026-08-29-at-12.53.27-300x200.jpeg\" alt=\"\" width=\"300\" height=\"200\" srcset=\"https:\/\/marituba.pa.gov.br\/site\/wp-content\/uploads\/2026\/08\/WhatsApp-Image-2026-08-29-at-12.53.27-300x200.jpeg 300w, https:\/\/marituba.pa.gov.br\/site\/wp-content\/uploads\/2026\/08\/WhatsApp-Image-2026-08-29-at-12.53.27-1024x682.jpeg 1024w, https:\/\/marituba.pa.gov.br\/site\/wp-content\/uploads\/2026\/08\/WhatsApp-Image-2026-08-29-at-12.53.27-768x512.jpeg 768w, https:\/\/marituba.pa.gov.br\/site\/wp-content\/uploads\/2026\/08\/WhatsApp-Image-2026-08-29-at-12.53.27-1536x1023.jpeg 1536w, https:\/\/marituba.pa.gov.br\/site\/wp-content\/uploads\/2026\/08\/WhatsApp-Image-2026-08-29-at-12.53.27-150x100.jpeg 150w, https:\/\/marituba.pa.gov.br\/site\/wp-content\/uploads\/2026\/08\/WhatsApp-Image-2026-08-29-at-12.53.27-450x300.jpeg 450w, https:\/\/marituba.pa.gov.br\/site\/wp-content\/uploads\/2026\/08\/WhatsApp-Image-2026-08-29-at-12.53.27-1200x800.jpeg 1200w, https:\/\/marituba.pa.gov.br\/site\/wp-content\/uploads\/2026\/08\/WhatsApp-Image-2026-08-29-at-12.53.27.jpeg 1600w\" sizes=\"(max-width: 300px) 100vw, 300px\" \/><\/a><figcaption id=\"caption-attachment-75619\" class=\"wp-caption-text\">Samanta Silveira, 1\u00ba lugar na modalidade Geral Feminina<\/figcaption><\/figure>\n<p class=\"isSelectedEnd\">Na modalidade Geral Feminina, o primeiro lugar ficou com Samanta Silveira, que destacou a import\u00e2ncia do incentivo \u00e0 pr\u00e1tica esportiva e da participa\u00e7\u00e3o feminina em eventos como esse. \u201c\u00c9 muito gratificante fazer parte de mais um evento. Marituba est\u00e1 incentivando o esporte, que \u00e9 muito importante. Correr, caminhar, se exercitar \u00e9 sa\u00fade. Ent\u00e3o, vamos firmes e fortes, incentivando a todos\u201d, declarou.<\/p>\n<p class=\"isSelectedEnd\">Al\u00e9m da corrida e caminhada, o evento contou com a presen\u00e7a de diferentes secretarias municipais, reunindo representantes das \u00e1reas de Sa\u00fade, Cultura, Seguran\u00e7a P\u00fablica, Meio Ambiente, Agricultura e da Rede de Prote\u00e7\u00e3o \u00e0s Mulheres, que contribu\u00edram para a realiza\u00e7\u00e3o da programa\u00e7\u00e3o.<\/p>\n<p class=\"isSelectedEnd\">A iniciativa tamb\u00e9m contou com a participa\u00e7\u00e3o de institui\u00e7\u00f5es e parceiros, refor\u00e7ando a integra\u00e7\u00e3o entre diferentes setores em torno da valoriza\u00e7\u00e3o, prote\u00e7\u00e3o e enfrentamento \u00e0 viol\u00eancia contra a mulher.<\/p>\n<p class=\"isSelectedEnd\">A Secretaria Municipal Especial da Mulher e o Centro de Refer\u00eancia de Atendimento \u00e0 Mulher (CRAM) tamb\u00e9m estiveram presentes com orienta\u00e7\u00f5es sobre direitos, canais de atendimento e os servi\u00e7os dispon\u00edveis na Rede de Prote\u00e7\u00e3o \u00e0s Mulheres.<\/p>\n<figure id=\"attachment_75617\" aria-describedby=\"caption-attachment-75617\" style=\"width: 300px\" class=\"wp-caption alignleft\"><a href=\"https:\/\/marituba.pa.gov.br\/site\/wp-content\/uploads\/2026\/08\/WhatsApp-Image-2026-08-29-at-12.53.25.jpeg\"><img decoding=\"async\" class=\"wp-image-75617 size-medium\" src=\"https:\/\/marituba.pa.gov.br\/site\/wp-content\/uploads\/2026\/08\/WhatsApp-Image-2026-08-29-at-12.53.25-300x200.jpeg\" alt=\"\" width=\"300\" height=\"200\" srcset=\"https:\/\/marituba.pa.gov.br\/site\/wp-content\/uploads\/2026\/08\/WhatsApp-Image-2026-08-29-at-12.53.25-300x200.jpeg 300w, https:\/\/marituba.pa.gov.br\/site\/wp-content\/uploads\/2026\/08\/WhatsApp-Image-2026-08-29-at-12.53.25-1024x682.jpeg 1024w, https:\/\/marituba.pa.gov.br\/site\/wp-content\/uploads\/2026\/08\/WhatsApp-Image-2026-08-29-at-12.53.25-768x512.jpeg 768w, https:\/\/marituba.pa.gov.br\/site\/wp-content\/uploads\/2026\/08\/WhatsApp-Image-2026-08-29-at-12.53.25-1536x1023.jpeg 1536w, https:\/\/marituba.pa.gov.br\/site\/wp-content\/uploads\/2026\/08\/WhatsApp-Image-2026-08-29-at-12.53.25-150x100.jpeg 150w, https:\/\/marituba.pa.gov.br\/site\/wp-content\/uploads\/2026\/08\/WhatsApp-Image-2026-08-29-at-12.53.25-450x300.jpeg 450w, https:\/\/marituba.pa.gov.br\/site\/wp-content\/uploads\/2026\/08\/WhatsApp-Image-2026-08-29-at-12.53.25-1200x800.jpeg 1200w, https:\/\/marituba.pa.gov.br\/site\/wp-content\/uploads\/2026\/08\/WhatsApp-Image-2026-08-29-at-12.53.25.jpeg 1600w\" sizes=\"(max-width: 300px) 100vw, 300px\" \/><\/a><figcaption id=\"caption-attachment-75617\" class=\"wp-caption-text\">Ellen Guedes, secret\u00e1ria municipal Especial da Mulher.<\/figcaption><\/figure>\n<p class=\"isSelectedEnd\">Para a secret\u00e1ria municipal Especial da Mulher, Ellen Guedes, encerrar o Agosto Lil\u00e1s com a realiza\u00e7\u00e3o da corrida e caminhada teve um significado especial. \u201cPara mim, como secret\u00e1ria, \u00e9 uma emo\u00e7\u00e3o enorme poder estar fechando o Agosto Lil\u00e1s, que combate a viol\u00eancia contra a mulher, com essa caminhada e corrida da mulher de Marituba contra a viol\u00eancia. \u00c9 um sucesso, onde n\u00f3s reunimos mais de 350 mulheres s\u00f3 de Marituba, fora todas as mulheres que vieram do estado inteiro\u201d, destacou.<\/p>\n<p class=\"isSelectedEnd\">Segundo a secret\u00e1ria, o evento tamb\u00e9m representou a uni\u00e3o de diferentes setores em torno da mesma causa. \u201cHoje \u00e9 uma manh\u00e3 de festa, que a gente re\u00fane esporte, cultura, agricultura familiar, meio ambiente. A gente re\u00fane todo mundo para festejar e para estar junto, de m\u00e3os dadas, no combate \u00e0 viol\u00eancia contra a mulher\u201d, afirmou.<\/p>\n<p>A 1\u00aa Corrida e Caminhada da Mulher refor\u00e7ou, assim, a mensagem central do Agosto Lil\u00e1s: nenhuma mulher est\u00e1 sozinha. Ao aproximar a popula\u00e7\u00e3o dos servi\u00e7os p\u00fablicos e reunir diferentes pol\u00edticas em uma \u00fanica a\u00e7\u00e3o, o evento fortaleceu a mobiliza\u00e7\u00e3o pela prote\u00e7\u00e3o, valoriza\u00e7\u00e3o e garantia dos direitos das mulheres em Marituba.<\/p>\n<p>Secretaria de Comunica\u00e7\u00e3o de Marituba<\/p>\n<p>Fotos: Ary Brito e Gabrielly Maciel<\/p>\n<p><strong>Galeria<\/strong><\/p>\n<figure id=\"attachment_75622\" aria-describedby=\"caption-attachment-75622\" style=\"width: 300px\" class=\"wp-caption alignleft\"><a href=\"https:\/\/marituba.pa.gov.br\/site\/wp-content\/uploads\/2026\/08\/WhatsApp-Image-2026-08-31-at-12.28.12-1.jpeg\"><img loading=\"lazy\" decoding=\"async\" class=\"wp-image-75622 size-medium\" src=\"https:\/\/marituba.pa.gov.br\/site\/wp-content\/uploads\/2026\/08\/WhatsApp-Image-2026-08-31-at-12.28.12-1-300x169.jpeg\" alt=\"\" width=\"300\" height=\"169\" srcset=\"https:\/\/marituba.pa.gov.br\/site\/wp-content\/uploads\/2026\/08\/WhatsApp-Image-2026-08-31-at-12.28.12-1-300x169.jpeg 300w, https:\/\/marituba.pa.gov.br\/site\/wp-content\/uploads\/2026\/08\/WhatsApp-Image-2026-08-31-at-12.28.12-1-1024x576.jpeg 1024w, https:\/\/marituba.pa.gov.br\/site\/wp-content\/uploads\/2026\/08\/WhatsApp-Image-2026-08-31-at-12.28.12-1-768x432.jpeg 768w, https:\/\/marituba.pa.gov.br\/site\/wp-content\/uploads\/2026\/08\/WhatsApp-Image-2026-08-31-at-12.28.12-1-150x84.jpeg 150w, https:\/\/marituba.pa.gov.br\/site\/wp-content\/uploads\/2026\/08\/WhatsApp-Image-2026-08-31-at-12.28.12-1-450x253.jpeg 450w, https:\/\/marituba.pa.gov.br\/site\/wp-content\/uploads\/2026\/08\/WhatsApp-Image-2026-08-31-at-12.28.12-1-1200x675.jpeg 1200w, https:\/\/marituba.pa.gov.br\/site\/wp-content\/uploads\/2026\/08\/WhatsApp-Image-2026-08-31-at-12.28.12-1.jpeg 1280w\" sizes=\"(max-width: 300px) 100vw, 300px\" \/><\/a><figcaption id=\"caption-attachment-75622\" class=\"wp-caption-text\">P\u00f3dio Geral<\/figcaption><\/figure>\n<figure id=\"attachment_75623\" aria-describedby=\"caption-attachment-75623\" style=\"width: 300px\" class=\"wp-caption alignright\"><a href=\"https:\/\/marituba.pa.gov.br\/site\/wp-content\/uploads\/2026\/08\/WhatsApp-Image-2026-08-31-at-12.28.12.jpeg\"><img loading=\"lazy\" decoding=\"async\" class=\"wp-image-75623 size-medium\" src=\"https:\/\/marituba.pa.gov.br\/site\/wp-content\/uploads\/2026\/08\/WhatsApp-Image-2026-08-31-at-12.28.12-300x169.jpeg\" alt=\"\" width=\"300\" height=\"169\" srcset=\"https:\/\/marituba.pa.gov.br\/site\/wp-content\/uploads\/2026\/08\/WhatsApp-Image-2026-08-31-at-12.28.12-300x169.jpeg 300w, https:\/\/marituba.pa.gov.br\/site\/wp-content\/uploads\/2026\/08\/WhatsApp-Image-2026-08-31-at-12.28.12-1024x576.jpeg 1024w, https:\/\/marituba.pa.gov.br\/site\/wp-content\/uploads\/2026\/08\/WhatsApp-Image-2026-08-31-at-12.28.12-768x432.jpeg 768w, https:\/\/marituba.pa.gov.br\/site\/wp-content\/uploads\/2026\/08\/WhatsApp-Image-2026-08-31-at-12.28.12-150x84.jpeg 150w, https:\/\/marituba.pa.gov.br\/site\/wp-content\/uploads\/2026\/08\/WhatsApp-Image-2026-08-31-at-12.28.12-450x253.jpeg 450w, https:\/\/marituba.pa.gov.br\/site\/wp-content\/uploads\/2026\/08\/WhatsApp-Image-2026-08-31-at-12.28.12-1200x675.jpeg 1200w, https:\/\/marituba.pa.gov.br\/site\/wp-content\/uploads\/2026\/08\/WhatsApp-Image-2026-08-31-at-12.28.12.jpeg 1280w\" sizes=\"(max-width: 300px) 100vw, 300px\" \/><\/a><figcaption id=\"caption-attachment-75623\" class=\"wp-caption-text\">P\u00f3dio Mulher Maritubense<\/figcaption><\/figure>\n","protected":false},"excerpt":{"rendered":"<p>A Pra\u00e7a Matriz de Marituba foi tomada por mulheres, esporte e conscientiza\u00e7\u00e3o na manh\u00e3 do \u00faltimo s\u00e1bado (29), durante a 1\u00aa Corrida e Caminhada da Mulher de Marituba contra a Viol\u00eancia. Promovido pela Prefeitura de Marituba, por meio da Secretaria Municipal Especial da Mulher (SEMU), o evento encerrou a programa\u00e7\u00e3o do Agosto Lil\u00e1s com uma<\/p>\n","protected":false},"author":25,"featured_media":75624,"comment_status":"closed","ping_status":"closed","sticky":false,"template":"","format":"standard","meta":{"footnotes":""},"categories":[1],"tags":[],"class_list":["post-75616","post","type-post","status-publish","format-standard","has-post-thumbnail","category-noticias"],"yoast_head":"<!-- This site is optimized with the Yoast SEO plugin v28.1 - https:\/\/yoast.com\/product\/yoast-seo-wordpress\/ -->\n<title>Marituba realiza Corrida e Caminhada da Mulher em mobiliza\u00e7\u00e3o contra a viol\u00eancia - Prefeitura Municipal de Marituba - PA | Gest\u00e3o 2025-2028<\/title>\n<meta name=\"robots\" content=\"index, follow, max-snippet:-1, max-image-preview:large, max-video-preview:-1\" \/>\n<link rel=\"canonical\" href=\"https:\/\/marituba.pa.gov.br\/site\/marituba-realiza-a-corrida-e-caminhada-da-mulher-em-mobilizacao-contra-a-violencia\/\" \/>\n<meta property=\"og:locale\" content=\"pt_BR\" \/>\n<meta property=\"og:type\" content=\"article\" \/>\n<meta property=\"og:title\" content=\"Marituba realiza Corrida e Caminhada da Mulher em mobiliza\u00e7\u00e3o contra a viol\u00eancia - Prefeitura Municipal de Marituba - PA | Gest\u00e3o 2025-2028\" \/>\n<meta property=\"og:description\" content=\"A Pra\u00e7a Matriz de Marituba foi tomada por mulheres, esporte e conscientiza\u00e7\u00e3o na manh\u00e3 do \u00faltimo s\u00e1bado (29), durante a 1\u00aa Corrida e Caminhada da Mulher de Marituba contra a Viol\u00eancia. Promovido pela Prefeitura de Marituba, por meio da Secretaria Municipal Especial da Mulher (SEMU), o evento encerrou a programa\u00e7\u00e3o do Agosto Lil\u00e1s com uma\" \/>\n<meta property=\"og:url\" content=\"https:\/\/marituba.pa.gov.br\/site\/marituba-realiza-a-corrida-e-caminhada-da-mulher-em-mobilizacao-contra-a-violencia\/\" \/>\n<meta property=\"og:site_name\" content=\"Prefeitura Municipal de Marituba - PA | Gest\u00e3o 2025-2028\" \/>\n<meta property=\"article:published_time\" content=\"2026-08-31T15:36:49+00:00\" \/>\n<meta property=\"article:modified_time\" content=\"2026-08-31T15:50:46+00:00\" \/>\n<meta property=\"og:image\" content=\"https:\/\/marituba.pa.gov.br\/site\/wp-content\/uploads\/2026\/08\/WhatsApp-Image-2026-08-29-at-12.51.40.jpeg\" \/>\n\t<meta property=\"og:image:width\" content=\"1600\" \/>\n\t<meta property=\"og:image:height\" content=\"1066\" \/>\n\t<meta property=\"og:image:type\" content=\"image\/jpeg\" \/>\n<meta name=\"author\" content=\"maritubaimprensa\" \/>\n<meta name=\"twitter:label1\" content=\"Escrito por\" \/>\n\t<meta name=\"twitter:data1\" content=\"maritubaimprensa\" \/>\n\t<meta name=\"twitter:label2\" content=\"Est. tempo de leitura\" \/>\n\t<meta name=\"twitter:data2\" content=\"5 minutos\" \/>\n<script type=\"application\/ld+json\" class=\"yoast-schema-graph\">{\"@context\":\"https:\\\/\\\/schema.org\",\"@graph\":[{\"@type\":\"Article\",\"@id\":\"https:\\\/\\\/marituba.pa.gov.br\\\/site\\\/marituba-realiza-a-corrida-e-caminhada-da-mulher-em-mobilizacao-contra-a-violencia\\\/#article\",\"isPartOf\":{\"@id\":\"https:\\\/\\\/marituba.pa.gov.br\\\/site\\\/marituba-realiza-a-corrida-e-caminhada-da-mulher-em-mobilizacao-contra-a-violencia\\\/\"},\"author\":{\"name\":\"maritubaimprensa\",\"@id\":\"https:\\\/\\\/marituba.pa.gov.br\\\/site\\\/#\\\/schema\\\/person\\\/01641c6b91674b43ef06391daf008b4a\"},\"headline\":\"Marituba realiza Corrida e Caminhada da Mulher em mobiliza\u00e7\u00e3o contra a viol\u00eancia\",\"datePublished\":\"2026-08-31T15:36:49+00:00\",\"dateModified\":\"2026-08-31T15:50:46+00:00\",\"mainEntityOfPage\":{\"@id\":\"https:\\\/\\\/marituba.pa.gov.br\\\/site\\\/marituba-realiza-a-corrida-e-caminhada-da-mulher-em-mobilizacao-contra-a-violencia\\\/\"},\"wordCount\":757,\"image\":{\"@id\":\"https:\\\/\\\/marituba.pa.gov.br\\\/site\\\/marituba-realiza-a-corrida-e-caminhada-da-mulher-em-mobilizacao-contra-a-violencia\\\/#primaryimage\"},\"thumbnailUrl\":\"https:\\\/\\\/marituba.pa.gov.br\\\/site\\\/wp-content\\\/uploads\\\/2026\\\/08\\\/WhatsApp-Image-2026-08-29-at-12.51.40.jpeg\",\"articleSection\":[\"Not\u00edcias\"],\"inLanguage\":\"pt-BR\"},{\"@type\":\"WebPage\",\"@id\":\"https:\\\/\\\/marituba.pa.gov.br\\\/site\\\/marituba-realiza-a-corrida-e-caminhada-da-mulher-em-mobilizacao-contra-a-violencia\\\/\",\"url\":\"https:\\\/\\\/marituba.pa.gov.br\\\/site\\\/marituba-realiza-a-corrida-e-caminhada-da-mulher-em-mobilizacao-contra-a-violencia\\\/\",\"name\":\"Marituba realiza Corrida e Caminhada da Mulher em mobiliza\u00e7\u00e3o contra a viol\u00eancia - Prefeitura Municipal de Marituba - PA | Gest\u00e3o 2025-2028\",\"isPartOf\":{\"@id\":\"https:\\\/\\\/marituba.pa.gov.br\\\/site\\\/#website\"},\"primaryImageOfPage\":{\"@id\":\"https:\\\/\\\/marituba.pa.gov.br\\\/site\\\/marituba-realiza-a-corrida-e-caminhada-da-mulher-em-mobilizacao-contra-a-violencia\\\/#primaryimage\"},\"image\":{\"@id\":\"https:\\\/\\\/marituba.pa.gov.br\\\/site\\\/marituba-realiza-a-corrida-e-caminhada-da-mulher-em-mobilizacao-contra-a-violencia\\\/#primaryimage\"},\"thumbnailUrl\":\"https:\\\/\\\/marituba.pa.gov.br\\\/site\\\/wp-content\\\/uploads\\\/2026\\\/08\\\/WhatsApp-Image-2026-08-29-at-12.51.40.jpeg\",\"datePublished\":\"2026-08-31T15:36:49+00:00\",\"dateModified\":\"2026-08-31T15:50:46+00:00\",\"author\":{\"@id\":\"https:\\\/\\\/marituba.pa.gov.br\\\/site\\\/#\\\/schema\\\/person\\\/01641c6b91674b43ef06391daf008b4a\"},\"inLanguage\":\"pt-BR\",\"potentialAction\":[{\"@type\":\"ReadAction\",\"target\":[\"https:\\\/\\\/marituba.pa.gov.br\\\/site\\\/marituba-realiza-a-corrida-e-caminhada-da-mulher-em-mobilizacao-contra-a-violencia\\\/\"]}]},{\"@type\":\"ImageObject\",\"inLanguage\":\"pt-BR\",\"@id\":\"https:\\\/\\\/marituba.pa.gov.br\\\/site\\\/marituba-realiza-a-corrida-e-caminhada-da-mulher-em-mobilizacao-contra-a-violencia\\\/#primaryimage\",\"url\":\"https:\\\/\\\/marituba.pa.gov.br\\\/site\\\/wp-content\\\/uploads\\\/2026\\\/08\\\/WhatsApp-Image-2026-08-29-at-12.51.40.jpeg\",\"contentUrl\":\"https:\\\/\\\/marituba.pa.gov.br\\\/site\\\/wp-content\\\/uploads\\\/2026\\\/08\\\/WhatsApp-Image-2026-08-29-at-12.51.40.jpeg\",\"width\":1600,\"height\":1066},{\"@type\":\"WebSite\",\"@id\":\"https:\\\/\\\/marituba.pa.gov.br\\\/site\\\/#website\",\"url\":\"https:\\\/\\\/marituba.pa.gov.br\\\/site\\\/\",\"name\":\"Prefeitura Municipal de Marituba - PA | Gest\u00e3o 2025-2028\",\"description\":\"Site oficial da Prefeitura Municipal de Marituba - PA\",\"potentialAction\":[{\"@type\":\"SearchAction\",\"target\":{\"@type\":\"EntryPoint\",\"urlTemplate\":\"https:\\\/\\\/marituba.pa.gov.br\\\/site\\\/?s={search_term_string}\"},\"query-input\":{\"@type\":\"PropertyValueSpecification\",\"valueRequired\":true,\"valueName\":\"search_term_string\"}}],\"inLanguage\":\"pt-BR\"},{\"@type\":\"Person\",\"@id\":\"https:\\\/\\\/marituba.pa.gov.br\\\/site\\\/#\\\/schema\\\/person\\\/01641c6b91674b43ef06391daf008b4a\",\"name\":\"maritubaimprensa\",\"image\":{\"@type\":\"ImageObject\",\"inLanguage\":\"pt-BR\",\"@id\":\"https:\\\/\\\/secure.gravatar.com\\\/avatar\\\/757413b4d5eb4de3d532c20c347bada8f146eea4fc591b2e238b914a23a2b51b?s=96&d=mm&r=g\",\"url\":\"https:\\\/\\\/secure.gravatar.com\\\/avatar\\\/757413b4d5eb4de3d532c20c347bada8f146eea4fc591b2e238b914a23a2b51b?s=96&d=mm&r=g\",\"contentUrl\":\"https:\\\/\\\/secure.gravatar.com\\\/avatar\\\/757413b4d5eb4de3d532c20c347bada8f146eea4fc591b2e238b914a23a2b51b?s=96&d=mm&r=g\",\"caption\":\"maritubaimprensa\"},\"url\":\"https:\\\/\\\/marituba.pa.gov.br\\\/site\\\/author\\\/maritubaimprensa\\\/\"}]}<\/script>\n<!-- \/ Yoast SEO plugin. -->","yoast_head_json":{"title":"Marituba realiza Corrida e Caminhada da Mulher em mobiliza\u00e7\u00e3o contra a viol\u00eancia - Prefeitura Municipal de Marituba - PA | Gest\u00e3o 2025-2028","robots":{"index":"index","follow":"follow","max-snippet":"max-snippet:-1","max-image-preview":"max-image-preview:large","max-video-preview":"max-video-preview:-1"},"canonical":"https:\/\/marituba.pa.gov.br\/site\/marituba-realiza-a-corrida-e-caminhada-da-mulher-em-mobilizacao-contra-a-violencia\/","og_locale":"pt_BR","og_type":"article","og_title":"Marituba realiza Corrida e Caminhada da Mulher em mobiliza\u00e7\u00e3o contra a viol\u00eancia - Prefeitura Municipal de Marituba - PA | Gest\u00e3o 2025-2028","og_description":"A Pra\u00e7a Matriz de Marituba foi tomada por mulheres, esporte e conscientiza\u00e7\u00e3o na manh\u00e3 do \u00faltimo s\u00e1bado (29), durante a 1\u00aa Corrida e Caminhada da Mulher de Marituba contra a Viol\u00eancia. Promovido pela Prefeitura de Marituba, por meio da Secretaria Municipal Especial da Mulher (SEMU), o evento encerrou a programa\u00e7\u00e3o do Agosto Lil\u00e1s com uma","og_url":"https:\/\/marituba.pa.gov.br\/site\/marituba-realiza-a-corrida-e-caminhada-da-mulher-em-mobilizacao-contra-a-violencia\/","og_site_name":"Prefeitura Municipal de Marituba - PA | Gest\u00e3o 2025-2028","article_published_time":"2026-08-31T15:36:49+00:00","article_modified_time":"2026-08-31T15:50:46+00:00","og_image":[{"width":1600,"height":1066,"url":"https:\/\/marituba.pa.gov.br\/site\/wp-content\/uploads\/2026\/08\/WhatsApp-Image-2026-08-29-at-12.51.40.jpeg","type":"image\/jpeg"}],"author":"maritubaimprensa","twitter_misc":{"Escrito por":"maritubaimprensa","Est. tempo de leitura":"5 minutos"},"schema":{"@context":"https:\/\/schema.org","@graph":[{"@type":"Article","@id":"https:\/\/marituba.pa.gov.br\/site\/marituba-realiza-a-corrida-e-caminhada-da-mulher-em-mobilizacao-contra-a-violencia\/#article","isPartOf":{"@id":"https:\/\/marituba.pa.gov.br\/site\/marituba-realiza-a-corrida-e-caminhada-da-mulher-em-mobilizacao-contra-a-violencia\/"},"author":{"name":"maritubaimprensa","@id":"https:\/\/marituba.pa.gov.br\/site\/#\/schema\/person\/01641c6b91674b43ef06391daf008b4a"},"headline":"Marituba realiza Corrida e Caminhada da Mulher em mobiliza\u00e7\u00e3o contra a viol\u00eancia","datePublished":"2026-08-31T15:36:49+00:00","dateModified":"2026-08-31T15:50:46+00:00","mainEntityOfPage":{"@id":"https:\/\/marituba.pa.gov.br\/site\/marituba-realiza-a-corrida-e-caminhada-da-mulher-em-mobilizacao-contra-a-violencia\/"},"wordCount":757,"image":{"@id":"https:\/\/marituba.pa.gov.br\/site\/marituba-realiza-a-corrida-e-caminhada-da-mulher-em-mobilizacao-contra-a-violencia\/#primaryimage"},"thumbnailUrl":"https:\/\/marituba.pa.gov.br\/site\/wp-content\/uploads\/2026\/08\/WhatsApp-Image-2026-08-29-at-12.51.40.jpeg","articleSection":["Not\u00edcias"],"inLanguage":"pt-BR"},{"@type":"WebPage","@id":"https:\/\/marituba.pa.gov.br\/site\/marituba-realiza-a-corrida-e-caminhada-da-mulher-em-mobilizacao-contra-a-violencia\/","url":"https:\/\/marituba.pa.gov.br\/site\/marituba-realiza-a-corrida-e-caminhada-da-mulher-em-mobilizacao-contra-a-violencia\/","name":"Marituba realiza Corrida e Caminhada da Mulher em mobiliza\u00e7\u00e3o contra a viol\u00eancia - Prefeitura Municipal de Marituba - PA | Gest\u00e3o 2025-2028","isPartOf":{"@id":"https:\/\/marituba.pa.gov.br\/site\/#website"},"primaryImageOfPage":{"@id":"https:\/\/marituba.pa.gov.br\/site\/marituba-realiza-a-corrida-e-caminhada-da-mulher-em-mobilizacao-contra-a-violencia\/#primaryimage"},"image":{"@id":"https:\/\/marituba.pa.gov.br\/site\/marituba-realiza-a-corrida-e-caminhada-da-mulher-em-mobilizacao-contra-a-violencia\/#primaryimage"},"thumbnailUrl":"https:\/\/marituba.pa.gov.br\/site\/wp-content\/uploads\/2026\/08\/WhatsApp-Image-2026-08-29-at-12.51.40.jpeg","datePublished":"2026-08-31T15:36:49+00:00","dateModified":"2026-08-31T15:50:46+00:00","author":{"@id":"https:\/\/marituba.pa.gov.br\/site\/#\/schema\/person\/01641c6b91674b43ef06391daf008b4a"},"inLanguage":"pt-BR","potentialAction":[{"@type":"ReadAction","target":["https:\/\/marituba.pa.gov.br\/site\/marituba-realiza-a-corrida-e-caminhada-da-mulher-em-mobilizacao-contra-a-violencia\/"]}]},{"@type":"ImageObject","inLanguage":"pt-BR","@id":"https:\/\/marituba.pa.gov.br\/site\/marituba-realiza-a-corrida-e-caminhada-da-mulher-em-mobilizacao-contra-a-violencia\/#primaryimage","url":"https:\/\/marituba.pa.gov.br\/site\/wp-content\/uploads\/2026\/08\/WhatsApp-Image-2026-08-29-at-12.51.40.jpeg","contentUrl":"https:\/\/marituba.pa.gov.br\/site\/wp-content\/uploads\/2026\/08\/WhatsApp-Image-2026-08-29-at-12.51.40.jpeg","width":1600,"height":1066},{"@type":"WebSite","@id":"https:\/\/marituba.pa.gov.br\/site\/#website","url":"https:\/\/marituba.pa.gov.br\/site\/","name":"Prefeitura Municipal de Marituba - PA | Gest\u00e3o 2025-2028","description":"Site oficial da Prefeitura Municipal de Marituba - PA","potentialAction":[{"@type":"SearchAction","target":{"@type":"EntryPoint","urlTemplate":"https:\/\/marituba.pa.gov.br\/site\/?s={search_term_string}"},"query-input":{"@type":"PropertyValueSpecification","valueRequired":true,"valueName":"search_term_string"}}],"inLanguage":"pt-BR"},{"@type":"Person","@id":"https:\/\/marituba.pa.gov.br\/site\/#\/schema\/person\/01641c6b91674b43ef06391daf008b4a","name":"maritubaimprensa","image":{"@type":"ImageObject","inLanguage":"pt-BR","@id":"https:\/\/secure.gravatar.com\/avatar\/757413b4d5eb4de3d532c20c347bada8f146eea4fc591b2e238b914a23a2b51b?s=96&d=mm&r=g","url":"https:\/\/secure.gravatar.com\/avatar\/757413b4d5eb4de3d532c20c347bada8f146eea4fc591b2e238b914a23a2b51b?s=96&d=mm&r=g","contentUrl":"https:\/\/secure.gravatar.com\/avatar\/757413b4d5eb4de3d532c20c347bada8f146eea4fc591b2e238b914a23a2b51b?s=96&d=mm&r=g","caption":"maritubaimprensa"},"url":"https:\/\/marituba.pa.gov.br\/site\/author\/maritubaimprensa\/"}]}},"_links":{"self":[{"href":"https:\/\/marituba.pa.gov.br\/site\/wp-json\/wp\/v2\/posts\/75616","targetHints":{"allow":["GET"]}}],"collection":[{"href":"https:\/\/marituba.pa.gov.br\/site\/wp-json\/wp\/v2\/posts"}],"about":[{"href":"https:\/\/marituba.pa.gov.br\/site\/wp-json\/wp\/v2\/types\/post"}],"author":[{"embeddable":true,"href":"https:\/\/marituba.pa.gov.br\/site\/wp-json\/wp\/v2\/users\/25"}],"replies":[{"embeddable":true,"href":"https:\/\/marituba.pa.gov.br\/site\/wp-json\/wp\/v2\/comments?post=75616"}],"version-history":[{"count":3,"href":"https:\/\/marituba.pa.gov.br\/site\/wp-json\/wp\/v2\/posts\/75616\/revisions"}],"predecessor-version":[{"id":75627,"href":"https:\/\/marituba.pa.gov.br\/site\/wp-json\/wp\/v2\/posts\/75616\/revisions\/75627"}],"wp:featuredmedia":[{"embeddable":true,"href":"https:\/\/marituba.pa.gov.br\/site\/wp-json\/wp\/v2\/media\/75624"}],"wp:attachment":[{"href":"https:\/\/marituba.pa.gov.br\/site\/wp-json\/wp\/v2\/media?parent=75616"}],"wp:term":[{"taxonomy":"category","embeddable":true,"href":"https:\/\/marituba.pa.gov.br\/site\/wp-json\/wp\/v2\/categories?post=75616"},{"taxonomy":"post_tag","embeddable":true,"href":"https:\/\/marituba.pa.gov.br\/site\/wp-json\/wp\/v2\/tags?post=75616"}],"curies":[{"name":"wp","href":"https:\/\/api.w.org\/{rel}","templated":true}]}}