{"id":75612,"date":"2026-08-31T10:40:06","date_gmt":"2026-08-31T13:40:06","guid":{"rendered":"https:\/\/marituba.pa.gov.br\/site\/?p=75612"},"modified":"2026-08-31T10:40:06","modified_gmt":"2026-08-31T13:40:06","slug":"marituba-celebra-primeira-turma-de-pedagogia-formada-pela-uepa-no-municipio","status":"publish","type":"post","link":"https:\/\/marituba.pa.gov.br\/site\/marituba-celebra-primeira-turma-de-pedagogia-formada-pela-uepa-no-municipio\/","title":{"rendered":"Marituba celebra primeira turma de Pedagogia formada pela UEPA no munic\u00edpio"},"content":{"rendered":"<p>Marituba viveu um momento hist\u00f3rico para a educa\u00e7\u00e3o do munic\u00edpio na \u00faltima quinta-feira (27). Em uma solenidade realizada no audit\u00f3rio da EMATER, 37 acad\u00eamicos conclu\u00edram a primeira turma de Licenciatura Plena em Pedagogia da Universidade do Estado do Par\u00e1 (UEPA) formada no munic\u00edpio. A cerim\u00f4nia tamb\u00e9m marcou a formatura de 24 alunos do curso de Licenciatura em Letras Libras, totalizando 61 novos profissionais da educa\u00e7\u00e3o.<\/p>\n<p>A forma\u00e7\u00e3o foi realizada por meio do Programa Forma Par\u00e1, em parceria entre o Governo do Estado, por meio da Secretaria de Estado de Ci\u00eancia, Tecnologia e Educa\u00e7\u00e3o Superior, Profissional e Tecnol\u00f3gica (SECTET), e a Prefeitura de Marituba, atrav\u00e9s da Secretaria Municipal de Educa\u00e7\u00e3o (SEMED). Durante quatro anos, os acad\u00eamicos tiveram a oportunidade de cursar a gradua\u00e7\u00e3o no pr\u00f3prio munic\u00edpio, reduzindo a necessidade de deslocamento para outras cidades e ampliando o acesso \u00e0 forma\u00e7\u00e3o superior para os maritubenses.<\/p>\n<p>A cerim\u00f4nia reuniu formandos, familiares, professores, autoridades e convidados em uma noite marcada pela emo\u00e7\u00e3o e pelo reconhecimento de uma trajet\u00f3ria constru\u00edda com dedica\u00e7\u00e3o e perseveran\u00e7a. Para os 37 novos pedagogos, a conquista representa n\u00e3o apenas a conclus\u00e3o da gradua\u00e7\u00e3o, mas o in\u00edcio de uma nova etapa profissional, com a possibilidade de contribuir diretamente para a educa\u00e7\u00e3o de crian\u00e7as, adolescentes e adultos.<\/p>\n<figure id=\"attachment_75614\" aria-describedby=\"caption-attachment-75614\" style=\"width: 300px\" class=\"wp-caption alignleft\"><a href=\"https:\/\/marituba.pa.gov.br\/site\/wp-content\/uploads\/2026\/08\/SaveClip.App_782511201_18630211429021690_6132895926027949287_n-scaled.jpg\"><img fetchpriority=\"high\" decoding=\"async\" class=\"wp-image-75614 size-medium\" src=\"https:\/\/marituba.pa.gov.br\/site\/wp-content\/uploads\/2026\/08\/SaveClip.App_782511201_18630211429021690_6132895926027949287_n-300x200.jpg\" alt=\"\" width=\"300\" height=\"200\" srcset=\"https:\/\/marituba.pa.gov.br\/site\/wp-content\/uploads\/2026\/08\/SaveClip.App_782511201_18630211429021690_6132895926027949287_n-300x200.jpg 300w, https:\/\/marituba.pa.gov.br\/site\/wp-content\/uploads\/2026\/08\/SaveClip.App_782511201_18630211429021690_6132895926027949287_n-1024x683.jpg 1024w, https:\/\/marituba.pa.gov.br\/site\/wp-content\/uploads\/2026\/08\/SaveClip.App_782511201_18630211429021690_6132895926027949287_n-768x512.jpg 768w, https:\/\/marituba.pa.gov.br\/site\/wp-content\/uploads\/2026\/08\/SaveClip.App_782511201_18630211429021690_6132895926027949287_n-1536x1024.jpg 1536w, https:\/\/marituba.pa.gov.br\/site\/wp-content\/uploads\/2026\/08\/SaveClip.App_782511201_18630211429021690_6132895926027949287_n-2048x1365.jpg 2048w, https:\/\/marituba.pa.gov.br\/site\/wp-content\/uploads\/2026\/08\/SaveClip.App_782511201_18630211429021690_6132895926027949287_n-150x100.jpg 150w, https:\/\/marituba.pa.gov.br\/site\/wp-content\/uploads\/2026\/08\/SaveClip.App_782511201_18630211429021690_6132895926027949287_n-450x300.jpg 450w, https:\/\/marituba.pa.gov.br\/site\/wp-content\/uploads\/2026\/08\/SaveClip.App_782511201_18630211429021690_6132895926027949287_n-1200x800.jpg 1200w\" sizes=\"(max-width: 300px) 100vw, 300px\" \/><\/a><figcaption id=\"caption-attachment-75614\" class=\"wp-caption-text\">prefeitura de Marituba, Patr\u00edcia Alencar, durante a solenidade de formatura.<\/figcaption><\/figure>\n<p>Durante a solenidade, a prefeita de Marituba, Patr\u00edcia Alencar, destacou a perseveran\u00e7a dos formandos diante dos desafios enfrentados ao longo dos quatro anos de gradua\u00e7\u00e3o. \u201cParab\u00e9ns porque voc\u00eas n\u00e3o desistiram. Parab\u00e9ns porque voc\u00eas n\u00e3o pararam. Voc\u00eas venceram uma etapa\u201d, declarou a prefeita, ao reconhecer o esfor\u00e7o dos acad\u00eamicos e das fam\u00edlias que acompanharam a trajet\u00f3ria dos estudantes.<\/p>\n<p>Em sua fala, a gestora tamb\u00e9m ressaltou a import\u00e2ncia de a forma\u00e7\u00e3o universit\u00e1ria ter sido oferecida dentro do pr\u00f3prio munic\u00edpio, permitindo que os estudantes economizassem tempo e recursos com deslocamentos. \u201cEu fico feliz de ver maritubenses formados gra\u00e7as \u00e0 universidade que abriu um polo que fez voc\u00eas economizarem tempo e recursos para pegar \u00f4nibus, para ir at\u00e9 a universidade. Essa realidade est\u00e1 aqui na nossa cidade\u201d, afirmou.<\/p>\n<p>A prefeita ainda anunciou a previs\u00e3o de realiza\u00e7\u00e3o de concurso p\u00fablico para pedagogos no munic\u00edpio e afirmou que a gest\u00e3o pretende ampliar as oportunidades para os profissionais rec\u00e9m-formados. Segundo ela, antes da realiza\u00e7\u00e3o do concurso, est\u00e1 prevista uma nova lota\u00e7\u00e3o para o in\u00edcio do pr\u00f3ximo ano, com possibilidade de recebimento de curr\u00edculos dos formandos que ainda n\u00e3o est\u00e3o inseridos no mercado de trabalho. \u201cEu confio nos formandos desta institui\u00e7\u00e3o. Eu sei que voc\u00eas est\u00e3o aptos para educar os nossos filhos, as nossas crian\u00e7as, que voc\u00eas est\u00e3o aptos para entrar no mercado de trabalho e servir o nosso povo\u201d, destacou.<\/p>\n<p>Al\u00e9m da primeira turma de Pedagogia, a solenidade tamb\u00e9m celebrou a forma\u00e7\u00e3o de 24 novos licenciados em Letras Libras. A conclus\u00e3o do curso representa um avan\u00e7o para a acessibilidade e a inclus\u00e3o, formando profissionais habilitados para atuar com a L\u00edngua Brasileira de Sinais e contribuir para ampliar as possibilidades de comunica\u00e7\u00e3o e aprendizagem da comunidade surda.<\/p>\n<p>Para a Secretaria Municipal de Educa\u00e7\u00e3o, a forma\u00e7\u00e3o dos novos profissionais representa um investimento no futuro do munic\u00edpio e no fortalecimento da educa\u00e7\u00e3o. A qualifica\u00e7\u00e3o de professores e demais profissionais da \u00e1rea contribui para ampliar oportunidades, cidadania e inclus\u00e3o.<\/p>\n<p>Ap\u00f3s quatro anos de estudos, os 61 novos licenciados encerram uma importante etapa acad\u00eamica e iniciam uma nova caminhada profissional. Com o diploma em m\u00e3os, levam consigo o conhecimento adquirido durante a gradua\u00e7\u00e3o e a responsabilidade de transformar esse aprendizado em pr\u00e1tica, contribuindo para uma educa\u00e7\u00e3o cada vez mais qualificada, humana e inclusiva.<\/p>\n<p>Secretaria de Comunica\u00e7\u00e3o de Marituba<\/p>\n<p>Fotos: Matheus Lima<\/p>\n","protected":false},"excerpt":{"rendered":"<p>Marituba viveu um momento hist\u00f3rico para a educa\u00e7\u00e3o do munic\u00edpio na \u00faltima quinta-feira (27). Em uma solenidade realizada no audit\u00f3rio da EMATER, 37 acad\u00eamicos conclu\u00edram a primeira turma de Licenciatura Plena em Pedagogia da Universidade do Estado do Par\u00e1 (UEPA) formada no munic\u00edpio. A cerim\u00f4nia tamb\u00e9m marcou a formatura de 24 alunos do curso de<\/p>\n","protected":false},"author":25,"featured_media":75613,"comment_status":"closed","ping_status":"closed","sticky":false,"template":"","format":"standard","meta":{"footnotes":""},"categories":[1],"tags":[],"class_list":["post-75612","post","type-post","status-publish","format-standard","has-post-thumbnail","category-noticias"],"yoast_head":"<!-- This site is optimized with the Yoast SEO plugin v28.1 - https:\/\/yoast.com\/product\/yoast-seo-wordpress\/ -->\n<title>Marituba celebra primeira turma de Pedagogia formada pela UEPA no munic\u00edpio - Prefeitura Municipal de Marituba - PA | Gest\u00e3o 2025-2028<\/title>\n<meta name=\"robots\" content=\"index, follow, max-snippet:-1, max-image-preview:large, max-video-preview:-1\" \/>\n<link rel=\"canonical\" href=\"https:\/\/marituba.pa.gov.br\/site\/marituba-celebra-primeira-turma-de-pedagogia-formada-pela-uepa-no-municipio\/\" \/>\n<meta property=\"og:locale\" content=\"pt_BR\" \/>\n<meta property=\"og:type\" content=\"article\" \/>\n<meta property=\"og:title\" content=\"Marituba celebra primeira turma de Pedagogia formada pela UEPA no munic\u00edpio - Prefeitura Municipal de Marituba - PA | Gest\u00e3o 2025-2028\" \/>\n<meta property=\"og:description\" content=\"Marituba viveu um momento hist\u00f3rico para a educa\u00e7\u00e3o do munic\u00edpio na \u00faltima quinta-feira (27). Em uma solenidade realizada no audit\u00f3rio da EMATER, 37 acad\u00eamicos conclu\u00edram a primeira turma de Licenciatura Plena em Pedagogia da Universidade do Estado do Par\u00e1 (UEPA) formada no munic\u00edpio. A cerim\u00f4nia tamb\u00e9m marcou a formatura de 24 alunos do curso de\" \/>\n<meta property=\"og:url\" content=\"https:\/\/marituba.pa.gov.br\/site\/marituba-celebra-primeira-turma-de-pedagogia-formada-pela-uepa-no-municipio\/\" \/>\n<meta property=\"og:site_name\" content=\"Prefeitura Municipal de Marituba - PA | Gest\u00e3o 2025-2028\" \/>\n<meta property=\"article:published_time\" content=\"2026-08-31T13:40:06+00:00\" \/>\n<meta property=\"og:image\" content=\"https:\/\/marituba.pa.gov.br\/site\/wp-content\/uploads\/2026\/08\/SaveClip.App_788000460_18630211381021690_1990732498026123379_n-scaled.jpg\" \/>\n\t<meta property=\"og:image:width\" content=\"2560\" \/>\n\t<meta property=\"og:image:height\" content=\"1707\" \/>\n\t<meta property=\"og:image:type\" content=\"image\/jpeg\" \/>\n<meta name=\"author\" content=\"maritubaimprensa\" \/>\n<meta name=\"twitter:label1\" content=\"Escrito por\" \/>\n\t<meta name=\"twitter:data1\" content=\"maritubaimprensa\" \/>\n\t<meta name=\"twitter:label2\" content=\"Est. tempo de leitura\" \/>\n\t<meta name=\"twitter:data2\" content=\"4 minutos\" \/>\n<script type=\"application\/ld+json\" class=\"yoast-schema-graph\">{\"@context\":\"https:\\\/\\\/schema.org\",\"@graph\":[{\"@type\":\"Article\",\"@id\":\"https:\\\/\\\/marituba.pa.gov.br\\\/site\\\/marituba-celebra-primeira-turma-de-pedagogia-formada-pela-uepa-no-municipio\\\/#article\",\"isPartOf\":{\"@id\":\"https:\\\/\\\/marituba.pa.gov.br\\\/site\\\/marituba-celebra-primeira-turma-de-pedagogia-formada-pela-uepa-no-municipio\\\/\"},\"author\":{\"name\":\"maritubaimprensa\",\"@id\":\"https:\\\/\\\/marituba.pa.gov.br\\\/site\\\/#\\\/schema\\\/person\\\/01641c6b91674b43ef06391daf008b4a\"},\"headline\":\"Marituba celebra primeira turma de Pedagogia formada pela UEPA no munic\u00edpio\",\"datePublished\":\"2026-08-31T13:40:06+00:00\",\"mainEntityOfPage\":{\"@id\":\"https:\\\/\\\/marituba.pa.gov.br\\\/site\\\/marituba-celebra-primeira-turma-de-pedagogia-formada-pela-uepa-no-municipio\\\/\"},\"wordCount\":700,\"image\":{\"@id\":\"https:\\\/\\\/marituba.pa.gov.br\\\/site\\\/marituba-celebra-primeira-turma-de-pedagogia-formada-pela-uepa-no-municipio\\\/#primaryimage\"},\"thumbnailUrl\":\"https:\\\/\\\/marituba.pa.gov.br\\\/site\\\/wp-content\\\/uploads\\\/2026\\\/08\\\/SaveClip.App_788000460_18630211381021690_1990732498026123379_n-scaled.jpg\",\"articleSection\":[\"Not\u00edcias\"],\"inLanguage\":\"pt-BR\"},{\"@type\":\"WebPage\",\"@id\":\"https:\\\/\\\/marituba.pa.gov.br\\\/site\\\/marituba-celebra-primeira-turma-de-pedagogia-formada-pela-uepa-no-municipio\\\/\",\"url\":\"https:\\\/\\\/marituba.pa.gov.br\\\/site\\\/marituba-celebra-primeira-turma-de-pedagogia-formada-pela-uepa-no-municipio\\\/\",\"name\":\"Marituba celebra primeira turma de Pedagogia formada pela UEPA no munic\u00edpio - Prefeitura Municipal de Marituba - PA | Gest\u00e3o 2025-2028\",\"isPartOf\":{\"@id\":\"https:\\\/\\\/marituba.pa.gov.br\\\/site\\\/#website\"},\"primaryImageOfPage\":{\"@id\":\"https:\\\/\\\/marituba.pa.gov.br\\\/site\\\/marituba-celebra-primeira-turma-de-pedagogia-formada-pela-uepa-no-municipio\\\/#primaryimage\"},\"image\":{\"@id\":\"https:\\\/\\\/marituba.pa.gov.br\\\/site\\\/marituba-celebra-primeira-turma-de-pedagogia-formada-pela-uepa-no-municipio\\\/#primaryimage\"},\"thumbnailUrl\":\"https:\\\/\\\/marituba.pa.gov.br\\\/site\\\/wp-content\\\/uploads\\\/2026\\\/08\\\/SaveClip.App_788000460_18630211381021690_1990732498026123379_n-scaled.jpg\",\"datePublished\":\"2026-08-31T13:40:06+00:00\",\"author\":{\"@id\":\"https:\\\/\\\/marituba.pa.gov.br\\\/site\\\/#\\\/schema\\\/person\\\/01641c6b91674b43ef06391daf008b4a\"},\"inLanguage\":\"pt-BR\",\"potentialAction\":[{\"@type\":\"ReadAction\",\"target\":[\"https:\\\/\\\/marituba.pa.gov.br\\\/site\\\/marituba-celebra-primeira-turma-de-pedagogia-formada-pela-uepa-no-municipio\\\/\"]}]},{\"@type\":\"ImageObject\",\"inLanguage\":\"pt-BR\",\"@id\":\"https:\\\/\\\/marituba.pa.gov.br\\\/site\\\/marituba-celebra-primeira-turma-de-pedagogia-formada-pela-uepa-no-municipio\\\/#primaryimage\",\"url\":\"https:\\\/\\\/marituba.pa.gov.br\\\/site\\\/wp-content\\\/uploads\\\/2026\\\/08\\\/SaveClip.App_788000460_18630211381021690_1990732498026123379_n-scaled.jpg\",\"contentUrl\":\"https:\\\/\\\/marituba.pa.gov.br\\\/site\\\/wp-content\\\/uploads\\\/2026\\\/08\\\/SaveClip.App_788000460_18630211381021690_1990732498026123379_n-scaled.jpg\",\"width\":2560,\"height\":1707},{\"@type\":\"WebSite\",\"@id\":\"https:\\\/\\\/marituba.pa.gov.br\\\/site\\\/#website\",\"url\":\"https:\\\/\\\/marituba.pa.gov.br\\\/site\\\/\",\"name\":\"Prefeitura Municipal de Marituba - PA | Gest\u00e3o 2025-2028\",\"description\":\"Site oficial da Prefeitura Municipal de Marituba - PA\",\"potentialAction\":[{\"@type\":\"SearchAction\",\"target\":{\"@type\":\"EntryPoint\",\"urlTemplate\":\"https:\\\/\\\/marituba.pa.gov.br\\\/site\\\/?s={search_term_string}\"},\"query-input\":{\"@type\":\"PropertyValueSpecification\",\"valueRequired\":true,\"valueName\":\"search_term_string\"}}],\"inLanguage\":\"pt-BR\"},{\"@type\":\"Person\",\"@id\":\"https:\\\/\\\/marituba.pa.gov.br\\\/site\\\/#\\\/schema\\\/person\\\/01641c6b91674b43ef06391daf008b4a\",\"name\":\"maritubaimprensa\",\"image\":{\"@type\":\"ImageObject\",\"inLanguage\":\"pt-BR\",\"@id\":\"https:\\\/\\\/secure.gravatar.com\\\/avatar\\\/757413b4d5eb4de3d532c20c347bada8f146eea4fc591b2e238b914a23a2b51b?s=96&d=mm&r=g\",\"url\":\"https:\\\/\\\/secure.gravatar.com\\\/avatar\\\/757413b4d5eb4de3d532c20c347bada8f146eea4fc591b2e238b914a23a2b51b?s=96&d=mm&r=g\",\"contentUrl\":\"https:\\\/\\\/secure.gravatar.com\\\/avatar\\\/757413b4d5eb4de3d532c20c347bada8f146eea4fc591b2e238b914a23a2b51b?s=96&d=mm&r=g\",\"caption\":\"maritubaimprensa\"},\"url\":\"https:\\\/\\\/marituba.pa.gov.br\\\/site\\\/author\\\/maritubaimprensa\\\/\"}]}<\/script>\n<!-- \/ Yoast SEO plugin. -->","yoast_head_json":{"title":"Marituba celebra primeira turma de Pedagogia formada pela UEPA no munic\u00edpio - Prefeitura Municipal de Marituba - PA | Gest\u00e3o 2025-2028","robots":{"index":"index","follow":"follow","max-snippet":"max-snippet:-1","max-image-preview":"max-image-preview:large","max-video-preview":"max-video-preview:-1"},"canonical":"https:\/\/marituba.pa.gov.br\/site\/marituba-celebra-primeira-turma-de-pedagogia-formada-pela-uepa-no-municipio\/","og_locale":"pt_BR","og_type":"article","og_title":"Marituba celebra primeira turma de Pedagogia formada pela UEPA no munic\u00edpio - Prefeitura Municipal de Marituba - PA | Gest\u00e3o 2025-2028","og_description":"Marituba viveu um momento hist\u00f3rico para a educa\u00e7\u00e3o do munic\u00edpio na \u00faltima quinta-feira (27). Em uma solenidade realizada no audit\u00f3rio da EMATER, 37 acad\u00eamicos conclu\u00edram a primeira turma de Licenciatura Plena em Pedagogia da Universidade do Estado do Par\u00e1 (UEPA) formada no munic\u00edpio. A cerim\u00f4nia tamb\u00e9m marcou a formatura de 24 alunos do curso de","og_url":"https:\/\/marituba.pa.gov.br\/site\/marituba-celebra-primeira-turma-de-pedagogia-formada-pela-uepa-no-municipio\/","og_site_name":"Prefeitura Municipal de Marituba - PA | Gest\u00e3o 2025-2028","article_published_time":"2026-08-31T13:40:06+00:00","og_image":[{"width":2560,"height":1707,"url":"https:\/\/marituba.pa.gov.br\/site\/wp-content\/uploads\/2026\/08\/SaveClip.App_788000460_18630211381021690_1990732498026123379_n-scaled.jpg","type":"image\/jpeg"}],"author":"maritubaimprensa","twitter_misc":{"Escrito por":"maritubaimprensa","Est. tempo de leitura":"4 minutos"},"schema":{"@context":"https:\/\/schema.org","@graph":[{"@type":"Article","@id":"https:\/\/marituba.pa.gov.br\/site\/marituba-celebra-primeira-turma-de-pedagogia-formada-pela-uepa-no-municipio\/#article","isPartOf":{"@id":"https:\/\/marituba.pa.gov.br\/site\/marituba-celebra-primeira-turma-de-pedagogia-formada-pela-uepa-no-municipio\/"},"author":{"name":"maritubaimprensa","@id":"https:\/\/marituba.pa.gov.br\/site\/#\/schema\/person\/01641c6b91674b43ef06391daf008b4a"},"headline":"Marituba celebra primeira turma de Pedagogia formada pela UEPA no munic\u00edpio","datePublished":"2026-08-31T13:40:06+00:00","mainEntityOfPage":{"@id":"https:\/\/marituba.pa.gov.br\/site\/marituba-celebra-primeira-turma-de-pedagogia-formada-pela-uepa-no-municipio\/"},"wordCount":700,"image":{"@id":"https:\/\/marituba.pa.gov.br\/site\/marituba-celebra-primeira-turma-de-pedagogia-formada-pela-uepa-no-municipio\/#primaryimage"},"thumbnailUrl":"https:\/\/marituba.pa.gov.br\/site\/wp-content\/uploads\/2026\/08\/SaveClip.App_788000460_18630211381021690_1990732498026123379_n-scaled.jpg","articleSection":["Not\u00edcias"],"inLanguage":"pt-BR"},{"@type":"WebPage","@id":"https:\/\/marituba.pa.gov.br\/site\/marituba-celebra-primeira-turma-de-pedagogia-formada-pela-uepa-no-municipio\/","url":"https:\/\/marituba.pa.gov.br\/site\/marituba-celebra-primeira-turma-de-pedagogia-formada-pela-uepa-no-municipio\/","name":"Marituba celebra primeira turma de Pedagogia formada pela UEPA no munic\u00edpio - Prefeitura Municipal de Marituba - PA | Gest\u00e3o 2025-2028","isPartOf":{"@id":"https:\/\/marituba.pa.gov.br\/site\/#website"},"primaryImageOfPage":{"@id":"https:\/\/marituba.pa.gov.br\/site\/marituba-celebra-primeira-turma-de-pedagogia-formada-pela-uepa-no-municipio\/#primaryimage"},"image":{"@id":"https:\/\/marituba.pa.gov.br\/site\/marituba-celebra-primeira-turma-de-pedagogia-formada-pela-uepa-no-municipio\/#primaryimage"},"thumbnailUrl":"https:\/\/marituba.pa.gov.br\/site\/wp-content\/uploads\/2026\/08\/SaveClip.App_788000460_18630211381021690_1990732498026123379_n-scaled.jpg","datePublished":"2026-08-31T13:40:06+00:00","author":{"@id":"https:\/\/marituba.pa.gov.br\/site\/#\/schema\/person\/01641c6b91674b43ef06391daf008b4a"},"inLanguage":"pt-BR","potentialAction":[{"@type":"ReadAction","target":["https:\/\/marituba.pa.gov.br\/site\/marituba-celebra-primeira-turma-de-pedagogia-formada-pela-uepa-no-municipio\/"]}]},{"@type":"ImageObject","inLanguage":"pt-BR","@id":"https:\/\/marituba.pa.gov.br\/site\/marituba-celebra-primeira-turma-de-pedagogia-formada-pela-uepa-no-municipio\/#primaryimage","url":"https:\/\/marituba.pa.gov.br\/site\/wp-content\/uploads\/2026\/08\/SaveClip.App_788000460_18630211381021690_1990732498026123379_n-scaled.jpg","contentUrl":"https:\/\/marituba.pa.gov.br\/site\/wp-content\/uploads\/2026\/08\/SaveClip.App_788000460_18630211381021690_1990732498026123379_n-scaled.jpg","width":2560,"height":1707},{"@type":"WebSite","@id":"https:\/\/marituba.pa.gov.br\/site\/#website","url":"https:\/\/marituba.pa.gov.br\/site\/","name":"Prefeitura Municipal de Marituba - PA | Gest\u00e3o 2025-2028","description":"Site oficial da Prefeitura Municipal de Marituba - PA","potentialAction":[{"@type":"SearchAction","target":{"@type":"EntryPoint","urlTemplate":"https:\/\/marituba.pa.gov.br\/site\/?s={search_term_string}"},"query-input":{"@type":"PropertyValueSpecification","valueRequired":true,"valueName":"search_term_string"}}],"inLanguage":"pt-BR"},{"@type":"Person","@id":"https:\/\/marituba.pa.gov.br\/site\/#\/schema\/person\/01641c6b91674b43ef06391daf008b4a","name":"maritubaimprensa","image":{"@type":"ImageObject","inLanguage":"pt-BR","@id":"https:\/\/secure.gravatar.com\/avatar\/757413b4d5eb4de3d532c20c347bada8f146eea4fc591b2e238b914a23a2b51b?s=96&d=mm&r=g","url":"https:\/\/secure.gravatar.com\/avatar\/757413b4d5eb4de3d532c20c347bada8f146eea4fc591b2e238b914a23a2b51b?s=96&d=mm&r=g","contentUrl":"https:\/\/secure.gravatar.com\/avatar\/757413b4d5eb4de3d532c20c347bada8f146eea4fc591b2e238b914a23a2b51b?s=96&d=mm&r=g","caption":"maritubaimprensa"},"url":"https:\/\/marituba.pa.gov.br\/site\/author\/maritubaimprensa\/"}]}},"_links":{"self":[{"href":"https:\/\/marituba.pa.gov.br\/site\/wp-json\/wp\/v2\/posts\/75612","targetHints":{"allow":["GET"]}}],"collection":[{"href":"https:\/\/marituba.pa.gov.br\/site\/wp-json\/wp\/v2\/posts"}],"about":[{"href":"https:\/\/marituba.pa.gov.br\/site\/wp-json\/wp\/v2\/types\/post"}],"author":[{"embeddable":true,"href":"https:\/\/marituba.pa.gov.br\/site\/wp-json\/wp\/v2\/users\/25"}],"replies":[{"embeddable":true,"href":"https:\/\/marituba.pa.gov.br\/site\/wp-json\/wp\/v2\/comments?post=75612"}],"version-history":[{"count":1,"href":"https:\/\/marituba.pa.gov.br\/site\/wp-json\/wp\/v2\/posts\/75612\/revisions"}],"predecessor-version":[{"id":75615,"href":"https:\/\/marituba.pa.gov.br\/site\/wp-json\/wp\/v2\/posts\/75612\/revisions\/75615"}],"wp:featuredmedia":[{"embeddable":true,"href":"https:\/\/marituba.pa.gov.br\/site\/wp-json\/wp\/v2\/media\/75613"}],"wp:attachment":[{"href":"https:\/\/marituba.pa.gov.br\/site\/wp-json\/wp\/v2\/media?parent=75612"}],"wp:term":[{"taxonomy":"category","embeddable":true,"href":"https:\/\/marituba.pa.gov.br\/site\/wp-json\/wp\/v2\/categories?post=75612"},{"taxonomy":"post_tag","embeddable":true,"href":"https:\/\/marituba.pa.gov.br\/site\/wp-json\/wp\/v2\/tags?post=75612"}],"curies":[{"name":"wp","href":"https:\/\/api.w.org\/{rel}","templated":true}]}}